{"id":243,"date":"2025-05-06T12:59:42","date_gmt":"2025-05-06T12:59:42","guid":{"rendered":"https:\/\/www.coachwp.fr\/pierre-et-vacances\/?p=243"},"modified":"2025-06-01T13:42:43","modified_gmt":"2025-06-01T13:42:43","slug":"le-groupe-pvcp-engager-nos-collaborateurs","status":"publish","type":"post","link":"https:\/\/www.coachwp.fr\/pierre-et-vacances\/2025\/05\/06\/le-groupe-pvcp-engager-nos-collaborateurs\/","title":{"rendered":"Collaborateurs engag\u00e9s : le levier strat\u00e9gique du tourisme de demain"},"content":{"rendered":"\n<p style=\"font-size:16px;font-style:normal;font-weight:500\"><strong>Face \u00e0 un march\u00e9 du tourisme en mutation, le Groupe PVCP place l&rsquo;engagement de ses 13 000 collaborateurs au c\u0153ur de sa <a href=\"https:\/\/www.coachwp.fr\/pierre-et-vacances\/coup-de-projecteur-sur\/\" target=\"_blank\" rel=\"noreferrer noopener\">strat\u00e9gie R\u00e9Invention<\/a>. \u00c9thique des affaires, d\u00e9veloppement des comp\u00e9tences, diversit\u00e9 et qualit\u00e9 de vie au travail : d\u00e9couvrez comment le leader europ\u00e9en du tourisme de proximit\u00e9 transforme son capital humain en un avantage concurrentiel d\u00e9cisif.<\/strong><\/p>\n\n\n\n<div class=\"wp-block-columns is-layout-flex wp-container-core-columns-is-layout-9d6595d7 wp-block-columns-is-layout-flex\">\n<div class=\"wp-block-column is-layout-flow wp-block-column-is-layout-flow\">\n<h2 class=\"wp-block-heading\"><strong>Engagement et performance : un cercle vertueux<\/strong><\/h2>\n\n\n\n<p style=\"font-size:16px;font-style:normal;font-weight:500\">L&rsquo;engagement des collaborateurs est devenu un enjeu strat\u00e9gique dans l&rsquo;industrie touristique. <\/p>\n\n\n\n<p style=\"font-size:16px;font-style:normal;font-weight:500\">Avec <a href=\"https:\/\/www.coachwp.fr\/pierre-et-vacances\/presentation-histoire-gouvernance\/\" target=\"_blank\" rel=\"noreferrer noopener\">plus de 13 000 collaborateurs<\/a> r\u00e9partis dans 5 pays europ\u00e9ens, le <a href=\"https:\/\/www.coachwp.fr\/pierre-et-vacances\/presentation-histoire-gouvernance\/\" target=\"_blank\" rel=\"noreferrer noopener\">Groupe PVCP <\/a>a compris que la qualit\u00e9 de <a href=\"https:\/\/www.coachwp.fr\/pierre-et-vacances\/2025\/05\/06\/lexperience-client\/\" target=\"_blank\" rel=\"noreferrer noopener\">l&rsquo;exp\u00e9rience client<\/a> d\u00e9pend directement de l&rsquo;implication de ses \u00e9quipes. L&rsquo;e-NPS (indicateur de recommandation collaborateur) est en hausse dans toutes les Business Lines du Groupe, atteignant +23 points chez Center Parcs Europe et +29 chez Maeva, t\u00e9moignant de cette dynamique positive.<\/p>\n<\/div>\n\n\n\n<div class=\"wp-block-column is-layout-flow wp-block-column-is-layout-flow\">\n<figure class=\"wp-block-image aligncenter size-full is-resized\"><img loading=\"lazy\" decoding=\"async\" width=\"590\" height=\"456\" src=\"https:\/\/www.coachwp.fr\/pierre-et-vacances\/wp-content\/uploads\/2025\/05\/Article16.png\" alt=\"\" class=\"wp-image-1817\" style=\"width:590px\" srcset=\"https:\/\/www.coachwp.fr\/pierre-et-vacances\/wp-content\/uploads\/2025\/05\/Article16.png 590w, https:\/\/www.coachwp.fr\/pierre-et-vacances\/wp-content\/uploads\/2025\/05\/Article16-480x371.png 480w\" sizes=\"(min-width: 0px) and (max-width: 480px) 480px, (min-width: 481px) 590px, 100vw\" \/><\/figure>\n<\/div>\n<\/div>\n\n\n\n<h2 class=\"wp-block-heading\" style=\"font-style:normal;font-weight:500\"><strong>D\u00e9velopper le capital humain pour fid\u00e9liser les talents<\/strong><\/h2>\n\n\n\n<p style=\"font-size:16px;font-style:normal;font-weight:500\">Face aux d\u00e9fis du secteur, trois leviers d&rsquo;action majeurs ont \u00e9t\u00e9 d\u00e9ploy\u00e9s :<\/p>\n\n\n\n<p style=\"font-size:16px;font-style:normal;font-weight:500\"><strong>La formation continue<\/strong> permet aux collaborateurs de d\u00e9velopper leurs comp\u00e9tences et d&rsquo;anticiper les \u00e9volutions du secteur. Plus de 5 500 collaborateurs ont b\u00e9n\u00e9fici\u00e9 de 72 362 heures de formation en 2023\/2024, avec un accent particulier sur les sujets RSE.<\/p>\n\n\n\n<p style=\"font-size:16px;font-style:normal;font-weight:500\"><strong>La reconnaissance et l&rsquo;\u00e9volution professionnelle<\/strong> cr\u00e9ent un climat de confiance propice \u00e0 l&rsquo;engagement : 488 mobilit\u00e9s internes ont \u00e9t\u00e9 r\u00e9alis\u00e9es au cours de l&rsquo;exercice, offrant de r\u00e9elles perspectives d&rsquo;\u00e9volution.<\/p>\n\n\n\n<p style=\"font-size:16px;font-style:normal;font-weight:500\"><strong>L&rsquo;autonomie responsable<\/strong> favorise l&rsquo;appropriation des missions. Cette <a href=\"https:\/\/www.carenews.com\/groupe-pvcp\/news\/quand-l-engagement-solidaire-renforce-la-cohesion-d-equipe\" target=\"_blank\" rel=\"noreferrer noopener\">approche manag\u00e9riale<\/a> transform\u00e9e positionne le manager comme un facilitateur plut\u00f4t qu&rsquo;un simple superviseur.<\/p>\n\n\n\n<h2 class=\"wp-block-heading\" style=\"font-style:normal;font-weight:500\"><strong>Des initiatives concr\u00e8tes pour un engagement durable<\/strong><\/h2>\n\n\n\n<p style=\"font-size:16px;font-style:normal;font-weight:500\">Le <strong>Groupe PVCP<\/strong> a d\u00e9ploy\u00e9 des outils innovants pour mesurer et am\u00e9liorer l&rsquo;engagement :<\/p>\n\n\n\n<ul class=\"wp-block-list\">\n<li style=\"font-size:16px;font-style:normal;font-weight:500\"><strong>Des programmes d&rsquo;int\u00e9gration repens\u00e9s<\/strong> pour renforcer l&rsquo;adh\u00e9sion des nouveaux collaborateurs,<\/li>\n\n\n\n<li style=\"font-size:16px;font-style:normal;font-weight:500\"><strong>Des plateformes digitales<\/strong> facilitant la communication interne et le partage d&rsquo;exp\u00e9riences,<\/li>\n\n\n\n<li style=\"font-size:16px;font-style:normal;font-weight:500\"><strong>Une politique de diversit\u00e9 ambitieuse<\/strong> avec 61% de femmes dans les effectifs et 53% dans l&rsquo;encadrement,<\/li>\n\n\n\n<li style=\"font-size:16px;font-style:normal;font-weight:500\"><strong>Des actions concr\u00e8tes en faveur de l&rsquo;inclusion et du handicap<\/strong> avec 436 travailleurs reconnus Travailleurs Handicap\u00e9s pr\u00e9sents dans le Groupe.<br><\/li>\n<\/ul>\n\n\n\n<div class=\"wp-block-columns is-layout-flex wp-container-core-columns-is-layout-9d6595d7 wp-block-columns-is-layout-flex\">\n<div class=\"wp-block-column is-layout-flow wp-block-column-is-layout-flow\">\n<figure class=\"wp-block-image aligncenter size-full is-resized\"><img loading=\"lazy\" decoding=\"async\" width=\"590\" height=\"456\" src=\"https:\/\/www.coachwp.fr\/pierre-et-vacances\/wp-content\/uploads\/2025\/05\/Article17.png\" alt=\"\" class=\"wp-image-1818\" style=\"aspect-ratio:1.5059469350411712;width:626px;height:auto\" srcset=\"https:\/\/www.coachwp.fr\/pierre-et-vacances\/wp-content\/uploads\/2025\/05\/Article17.png 590w, https:\/\/www.coachwp.fr\/pierre-et-vacances\/wp-content\/uploads\/2025\/05\/Article17-480x371.png 480w\" sizes=\"(min-width: 0px) and (max-width: 480px) 480px, (min-width: 481px) 590px, 100vw\" \/><figcaption class=\"wp-element-caption\"><br>.<\/figcaption><\/figure>\n<\/div>\n\n\n\n<div class=\"wp-block-column is-layout-flow wp-block-column-is-layout-flow\">\n<h2 class=\"wp-block-heading\" style=\"font-style:normal;font-weight:500\"><strong>L&rsquo;engagement RSE : un moteur de motivation collectif<\/strong><\/h2>\n\n\n\n<p style=\"font-size:16px;font-style:normal;font-weight:500\">La Responsabilit\u00e9 Soci\u00e9tale des Entreprises joue un r\u00f4le croissant dans l&rsquo;engagement des collaborateurs. Le Groupe a sensibilis\u00e9 15% d&rsquo;entre eux au changement climatique et \u00e0 ses effets sur le tourisme.<a href=\"https:\/\/www.groupepvcp.com\/engagement\/notre-fondation\/\" target=\"_blank\" rel=\"noreferrer noopener\"> La Fondation pour les Familles<\/a> a mobilis\u00e9 pr\u00e8s de 890 collaborateurs (12% des CDI) sur des missions solidaires aupr\u00e8s de 10 associations partenaires dans 5 pays.<\/p>\n\n\n\n<p style=\"font-size:16px;font-style:normal;font-weight:500\">Dans un secteur o\u00f9 l&rsquo;humain est au c\u0153ur de l&rsquo;exp\u00e9rience touristique, l&rsquo;accompagnement de l&rsquo;engagement des collaborateurs n&rsquo;est plus une option mais une n\u00e9cessit\u00e9 strat\u00e9gique, gage de performance durable et d&rsquo;excellence op\u00e9rationnelle.<\/p>\n<\/div>\n<\/div>\n\n\n\n<h2 class=\"wp-block-heading\">Les<strong> ressources consult\u00e9es<\/strong><\/h2>\n\n\n\n<ul class=\"wp-block-list\">\n<li style=\"font-size:16px\"><a href=\"https:\/\/www.carenews.com\/groupe-pvcp\/news\/quand-l-engagement-solidaire-renforce-la-cohesion-d-equipe\" target=\"_blank\" rel=\"noreferrer noopener\">Quand l\u2019engagement solidaire renforce la coh\u00e9sion d\u2019\u00e9quipe<\/a>, <em>CARENEWS,<\/em> 18 janvier 2024 [en ligne] [consult\u00e9 le 15 mai 2025]<\/li>\n\n\n\n<li style=\"font-size:16px\"><a href=\"https:\/\/www.groupepvcp.com\/app\/uploads\/2024\/12\/deu_20dec24-fr.pdf\" target=\"_blank\" rel=\"noreferrer noopener\">Document d\u2019enregistrement universel 2023-2024<\/a>, <em>Groupe Pierre &amp; Vacances -Centers Parcs<\/em> [en ligne] [consult\u00e9 le 15 mai 2025]<\/li>\n\n\n\n<li style=\"font-size:16px\"><a href=\"https:\/\/www.groupepvcp.com\/engagement\/notre-fondation\/\" target=\"_blank\" rel=\"noreferrer noopener\">La Fondation des Familles<\/a>, <em>Groupe Pierre &amp; Vacances -Centers Parcs<\/em> [en ligne] [consult\u00e9 le 15 mai 2025]<\/li>\n\n\n\n<li style=\"font-size:16px\"><a href=\"https:\/\/www.leaderia.com\/news\/hotellerie-restauration\/les-nouveaux-enjeux-rh-dans-lhotellerie-restauration\/\" target=\"_blank\" rel=\"noreferrer noopener\">Les nouveaux enjeux RH dans l\u2019h\u00f4tellerie-restauration<\/a>, <em>LEADERIA<\/em>, 13 juillet 2023 [en ligne] [consult\u00e9 le 15 mai 2025]<\/li>\n<\/ul>\n\n\n\n<p><\/p>\n","protected":false},"excerpt":{"rendered":"<p>Face \u00e0 un march\u00e9 du tourisme en mutation, le Groupe PVCP place l&rsquo;engagement de ses 13 000 collaborateurs au c\u0153ur de sa strat\u00e9gie R\u00e9Invention. \u00c9thique des affaires, d\u00e9veloppement des comp\u00e9tences, diversit\u00e9 et qualit\u00e9 de vie au travail : d\u00e9couvrez comment le leader europ\u00e9en du tourisme de proximit\u00e9 transforme son capital humain en un avantage concurrentiel [&hellip;]<\/p>\n","protected":false},"author":6,"featured_media":1783,"comment_status":"open","ping_status":"open","sticky":false,"template":"","format":"standard","meta":{"_et_pb_use_builder":"off","_et_pb_old_content":"<!-- wp:paragraph -->\n<p><strong>COLLABORATEURS ENGAG\u00c9S : LE LEVIER STRAT\u00c9GIQUE DU TOURISME DE DEMAIN<\/strong><\/p>\n<!-- \/wp:paragraph -->\n\n<!-- wp:paragraph -->\n<p><strong>Face \u00e0 un march\u00e9 du tourisme en mutation, le Groupe PVCP place l'engagement de ses 13 000 collaborateurs au c\u0153ur de sa strat\u00e9gie R\u00e9Invention. \u00c9thique des affaires, d\u00e9veloppement des comp\u00e9tences, diversit\u00e9 et qualit\u00e9 de vie au travail : d\u00e9couvrez comment le leader europ\u00e9en du tourisme de proximit\u00e9 transforme son capital humain en avantage concurrentiel d\u00e9cisif.<\/strong><\/p>\n<!-- \/wp:paragraph -->\n\n<!-- wp:paragraph -->\n<p><strong>ENGAGEMENT ET PERFORMANCE : UN CERCLE VERTUEUX<\/strong><\/p>\n<!-- \/wp:paragraph -->\n\n<!-- wp:paragraph -->\n<p>L'engagement des collaborateurs est devenu un enjeu strat\u00e9gique dans l'industrie touristique. Avec plus de 13 000 collaborateurs r\u00e9partis dans 5 pays europ\u00e9ens, le Groupe PVCP a compris que la qualit\u00e9 de l'exp\u00e9rience client d\u00e9pend directement de l'implication du personnel. L'e-NPS (indicateur de recommandation collaborateur) est en hausse dans toutes les Business Lines du Groupe, atteignant +23 points chez Center Parcs Europe et +29 chez Maeva, t\u00e9moignant de cette dynamique positive.<\/p>\n<!-- \/wp:paragraph -->\n\n<!-- wp:paragraph -->\n<p><strong>D\u00c9VELOPPER LE CAPITAL HUMAIN POUR FID\u00c9LISER LES TALENTS<\/strong><\/p>\n<!-- \/wp:paragraph -->\n\n<!-- wp:paragraph -->\n<p>Face aux d\u00e9fis du secteur, trois leviers d'action majeurs ont \u00e9t\u00e9 d\u00e9ploy\u00e9s :<\/p>\n<!-- \/wp:paragraph -->\n\n<!-- wp:paragraph -->\n<p><strong>La formation continue<\/strong> permet aux collaborateurs de d\u00e9velopper leurs comp\u00e9tences et d'anticiper les \u00e9volutions du secteur. Plus de 5 500 collaborateurs ont b\u00e9n\u00e9fici\u00e9 de 72 362 heures de formation en 2023\/2024, avec un accent particulier sur les sujets RSE.<\/p>\n<!-- \/wp:paragraph -->\n\n<!-- wp:paragraph -->\n<p><strong>La reconnaissance et l'\u00e9volution professionnelle<\/strong> cr\u00e9ent un climat de confiance propice \u00e0 l'engagement. 488 mobilit\u00e9s internes ont \u00e9t\u00e9 r\u00e9alis\u00e9es au cours de l'exercice, offrant de r\u00e9elles perspectives d'\u00e9volution.<\/p>\n<!-- \/wp:paragraph -->\n\n<!-- wp:paragraph -->\n<p><strong>L'autonomie responsable<\/strong> favorise l'appropriation des missions. Cette approche manag\u00e9riale transform\u00e9e positionne le manager comme un facilitateur plut\u00f4t qu'un simple superviseur.<\/p>\n<!-- \/wp:paragraph -->\n\n<!-- wp:paragraph -->\n<p><strong>DES INITIATIVES CONCR\u00c8TES POUR UN ENGAGEMENT DURABLE<\/strong><\/p>\n<!-- \/wp:paragraph -->\n\n<!-- wp:paragraph -->\n<p>Le Groupe a d\u00e9ploy\u00e9 des outils innovants pour mesurer et am\u00e9liorer l'engagement :<\/p>\n<!-- \/wp:paragraph -->\n\n<!-- wp:list -->\n<ul class=\"wp-block-list\"><!-- wp:list-item -->\n<li><strong>Des programmes d'int\u00e9gration repens\u00e9s<\/strong> pour renforcer l'adh\u00e9sion des nouveaux collaborateurs<\/li>\n<!-- \/wp:list-item -->\n\n<!-- wp:list-item -->\n<li><strong>Des plateformes digitales<\/strong> facilitant la communication interne et le partage d'exp\u00e9riences<\/li>\n<!-- \/wp:list-item -->\n\n<!-- wp:list-item -->\n<li><strong>Une politique de diversit\u00e9 ambitieuse<\/strong> avec 61% de femmes dans les effectifs et 53% dans l'encadrement<\/li>\n<!-- \/wp:list-item -->\n\n<!-- wp:list-item -->\n<li><strong>Des actions concr\u00e8tes en faveur du handicap<\/strong> avec 436 travailleurs reconnus TH pr\u00e9sents dans le Groupe<\/li>\n<!-- \/wp:list-item --><\/ul>\n<!-- \/wp:list -->\n\n<!-- wp:paragraph -->\n<p><strong>L'ENGAGEMENT RSE : UN MOTEUR DE MOTIVATION COLLECTIF<\/strong><\/p>\n<!-- \/wp:paragraph -->\n\n<!-- wp:paragraph -->\n<p>La Responsabilit\u00e9 Soci\u00e9tale des Entreprises joue un r\u00f4le croissant dans l'engagement des collaborateurs. Le Groupe a sensibilis\u00e9 15% d'entre eux au changement climatique et \u00e0 ses effets sur le tourisme. La Fondation pour les Familles a mobilis\u00e9 pr\u00e8s de 890 collaborateurs (12% des CDI) sur des missions solidaires aupr\u00e8s de 10 associations partenaires dans 5 pays.<\/p>\n<!-- \/wp:paragraph -->\n\n<!-- wp:paragraph -->\n<p>Dans un secteur o\u00f9 l'humain est au c\u0153ur de l'exp\u00e9rience touristique, l'accompagnement de l'engagement des collaborateurs n'est plus une option mais une n\u00e9cessit\u00e9 strat\u00e9gique, gage de performance durable et d'excellence op\u00e9rationnelle.<\/p>\n<!-- \/wp:paragraph -->","_et_gb_content_width":"","footnotes":""},"categories":[9],"tags":[],"class_list":["post-243","post","type-post","status-publish","format-standard","has-post-thumbnail","hentry","category-la-strategie-reinvention"],"yoast_head":"<!-- This site is optimized with the Yoast SEO plugin v25.2 - https:\/\/yoast.com\/wordpress\/plugins\/seo\/ -->\n<title>Collaborateurs engag\u00e9s<\/title>\n<meta name=\"description\" content=\"D\u00e9veloppement des talents et engagement collectif pour un tourisme responsable : la promesse de Pierre &amp; Vacances envers ses collaborateurs\" \/>\n<meta name=\"robots\" content=\"index, follow, max-snippet:-1, max-image-preview:large, max-video-preview:-1\" \/>\n<link rel=\"canonical\" href=\"https:\/\/www.coachwp.fr\/pierre-et-vacances\/2025\/05\/06\/le-groupe-pvcp-engager-nos-collaborateurs\/\" \/>\n<meta property=\"og:locale\" content=\"fr_FR\" \/>\n<meta property=\"og:type\" content=\"article\" \/>\n<meta property=\"og:title\" content=\"Collaborateurs engag\u00e9s\" \/>\n<meta property=\"og:description\" content=\"D\u00e9veloppement des talents et engagement collectif pour un tourisme responsable : la promesse de Pierre &amp; Vacances envers ses collaborateurs\" \/>\n<meta property=\"og:url\" content=\"https:\/\/www.coachwp.fr\/pierre-et-vacances\/2025\/05\/06\/le-groupe-pvcp-engager-nos-collaborateurs\/\" \/>\n<meta property=\"og:site_name\" content=\"Horizons M\u00e9dias\" \/>\n<meta property=\"article:published_time\" content=\"2025-05-06T12:59:42+00:00\" \/>\n<meta property=\"article:modified_time\" content=\"2025-06-01T13:42:43+00:00\" \/>\n<meta property=\"og:image\" content=\"https:\/\/www.coachwp.fr\/pierre-et-vacances\/wp-content\/uploads\/2025\/05\/Article04.png\" \/>\n\t<meta property=\"og:image:width\" content=\"1180\" \/>\n\t<meta property=\"og:image:height\" content=\"350\" \/>\n\t<meta property=\"og:image:type\" content=\"image\/png\" \/>\n<meta name=\"author\" content=\"Donna Traore\" \/>\n<meta name=\"twitter:card\" content=\"summary_large_image\" \/>\n<meta name=\"twitter:label1\" content=\"\u00c9crit par\" \/>\n\t<meta name=\"twitter:data1\" content=\"Donna Traore\" \/>\n\t<meta name=\"twitter:label2\" content=\"Dur\u00e9e de lecture estim\u00e9e\" \/>\n\t<meta name=\"twitter:data2\" content=\"4 minutes\" \/>\n<script type=\"application\/ld+json\" class=\"yoast-schema-graph\">{\"@context\":\"https:\/\/schema.org\",\"@graph\":[{\"@type\":\"WebPage\",\"@id\":\"https:\/\/www.coachwp.fr\/pierre-et-vacances\/2025\/05\/06\/le-groupe-pvcp-engager-nos-collaborateurs\/\",\"url\":\"https:\/\/www.coachwp.fr\/pierre-et-vacances\/2025\/05\/06\/le-groupe-pvcp-engager-nos-collaborateurs\/\",\"name\":\"Collaborateurs engag\u00e9s\",\"isPartOf\":{\"@id\":\"https:\/\/www.coachwp.fr\/pierre-et-vacances\/#website\"},\"primaryImageOfPage\":{\"@id\":\"https:\/\/www.coachwp.fr\/pierre-et-vacances\/2025\/05\/06\/le-groupe-pvcp-engager-nos-collaborateurs\/#primaryimage\"},\"image\":{\"@id\":\"https:\/\/www.coachwp.fr\/pierre-et-vacances\/2025\/05\/06\/le-groupe-pvcp-engager-nos-collaborateurs\/#primaryimage\"},\"thumbnailUrl\":\"https:\/\/www.coachwp.fr\/pierre-et-vacances\/wp-content\/uploads\/2025\/05\/Article04.png\",\"datePublished\":\"2025-05-06T12:59:42+00:00\",\"dateModified\":\"2025-06-01T13:42:43+00:00\",\"author\":{\"@id\":\"https:\/\/www.coachwp.fr\/pierre-et-vacances\/#\/schema\/person\/1df0858e1be5426d323eade228015802\"},\"description\":\"D\u00e9veloppement des talents et engagement collectif pour un tourisme responsable : la promesse de Pierre & Vacances envers ses collaborateurs\",\"breadcrumb\":{\"@id\":\"https:\/\/www.coachwp.fr\/pierre-et-vacances\/2025\/05\/06\/le-groupe-pvcp-engager-nos-collaborateurs\/#breadcrumb\"},\"inLanguage\":\"fr-FR\",\"potentialAction\":[{\"@type\":\"ReadAction\",\"target\":[\"https:\/\/www.coachwp.fr\/pierre-et-vacances\/2025\/05\/06\/le-groupe-pvcp-engager-nos-collaborateurs\/\"]}]},{\"@type\":\"ImageObject\",\"inLanguage\":\"fr-FR\",\"@id\":\"https:\/\/www.coachwp.fr\/pierre-et-vacances\/2025\/05\/06\/le-groupe-pvcp-engager-nos-collaborateurs\/#primaryimage\",\"url\":\"https:\/\/www.coachwp.fr\/pierre-et-vacances\/wp-content\/uploads\/2025\/05\/Article04.png\",\"contentUrl\":\"https:\/\/www.coachwp.fr\/pierre-et-vacances\/wp-content\/uploads\/2025\/05\/Article04.png\",\"width\":1180,\"height\":350},{\"@type\":\"BreadcrumbList\",\"@id\":\"https:\/\/www.coachwp.fr\/pierre-et-vacances\/2025\/05\/06\/le-groupe-pvcp-engager-nos-collaborateurs\/#breadcrumb\",\"itemListElement\":[{\"@type\":\"ListItem\",\"position\":1,\"name\":\"Accueil\",\"item\":\"https:\/\/www.coachwp.fr\/pierre-et-vacances\/\"},{\"@type\":\"ListItem\",\"position\":2,\"name\":\"Collaborateurs engag\u00e9s : le levier strat\u00e9gique du tourisme de demain\"}]},{\"@type\":\"WebSite\",\"@id\":\"https:\/\/www.coachwp.fr\/pierre-et-vacances\/#website\",\"url\":\"https:\/\/www.coachwp.fr\/pierre-et-vacances\/\",\"name\":\"Horizons M\u00e9dias\",\"description\":\"Votre source d&#039;information sur le Groupe Pierre &amp; Vacances-Center Parcs\",\"potentialAction\":[{\"@type\":\"SearchAction\",\"target\":{\"@type\":\"EntryPoint\",\"urlTemplate\":\"https:\/\/www.coachwp.fr\/pierre-et-vacances\/?s={search_term_string}\"},\"query-input\":{\"@type\":\"PropertyValueSpecification\",\"valueRequired\":true,\"valueName\":\"search_term_string\"}}],\"inLanguage\":\"fr-FR\"},{\"@type\":\"Person\",\"@id\":\"https:\/\/www.coachwp.fr\/pierre-et-vacances\/#\/schema\/person\/1df0858e1be5426d323eade228015802\",\"name\":\"Donna Traore\",\"image\":{\"@type\":\"ImageObject\",\"inLanguage\":\"fr-FR\",\"@id\":\"https:\/\/www.coachwp.fr\/pierre-et-vacances\/#\/schema\/person\/image\/\",\"url\":\"https:\/\/secure.gravatar.com\/avatar\/3c43e0ee09ec37a4eaee7c57439855793a58c7c548f987fedf7c85d49ae5471a?s=96&d=mm&r=g\",\"contentUrl\":\"https:\/\/secure.gravatar.com\/avatar\/3c43e0ee09ec37a4eaee7c57439855793a58c7c548f987fedf7c85d49ae5471a?s=96&d=mm&r=g\",\"caption\":\"Donna Traore\"},\"url\":\"https:\/\/www.coachwp.fr\/pierre-et-vacances\/author\/donna-traore\/\"}]}<\/script>\n<!-- \/ Yoast SEO plugin. -->","yoast_head_json":{"title":"Collaborateurs engag\u00e9s","description":"D\u00e9veloppement des talents et engagement collectif pour un tourisme responsable : la promesse de Pierre & Vacances envers ses collaborateurs","robots":{"index":"index","follow":"follow","max-snippet":"max-snippet:-1","max-image-preview":"max-image-preview:large","max-video-preview":"max-video-preview:-1"},"canonical":"https:\/\/www.coachwp.fr\/pierre-et-vacances\/2025\/05\/06\/le-groupe-pvcp-engager-nos-collaborateurs\/","og_locale":"fr_FR","og_type":"article","og_title":"Collaborateurs engag\u00e9s","og_description":"D\u00e9veloppement des talents et engagement collectif pour un tourisme responsable : la promesse de Pierre & Vacances envers ses collaborateurs","og_url":"https:\/\/www.coachwp.fr\/pierre-et-vacances\/2025\/05\/06\/le-groupe-pvcp-engager-nos-collaborateurs\/","og_site_name":"Horizons M\u00e9dias","article_published_time":"2025-05-06T12:59:42+00:00","article_modified_time":"2025-06-01T13:42:43+00:00","og_image":[{"width":1180,"height":350,"url":"https:\/\/www.coachwp.fr\/pierre-et-vacances\/wp-content\/uploads\/2025\/05\/Article04.png","type":"image\/png"}],"author":"Donna Traore","twitter_card":"summary_large_image","twitter_misc":{"\u00c9crit par":"Donna Traore","Dur\u00e9e de lecture estim\u00e9e":"4 minutes"},"schema":{"@context":"https:\/\/schema.org","@graph":[{"@type":"WebPage","@id":"https:\/\/www.coachwp.fr\/pierre-et-vacances\/2025\/05\/06\/le-groupe-pvcp-engager-nos-collaborateurs\/","url":"https:\/\/www.coachwp.fr\/pierre-et-vacances\/2025\/05\/06\/le-groupe-pvcp-engager-nos-collaborateurs\/","name":"Collaborateurs engag\u00e9s","isPartOf":{"@id":"https:\/\/www.coachwp.fr\/pierre-et-vacances\/#website"},"primaryImageOfPage":{"@id":"https:\/\/www.coachwp.fr\/pierre-et-vacances\/2025\/05\/06\/le-groupe-pvcp-engager-nos-collaborateurs\/#primaryimage"},"image":{"@id":"https:\/\/www.coachwp.fr\/pierre-et-vacances\/2025\/05\/06\/le-groupe-pvcp-engager-nos-collaborateurs\/#primaryimage"},"thumbnailUrl":"https:\/\/www.coachwp.fr\/pierre-et-vacances\/wp-content\/uploads\/2025\/05\/Article04.png","datePublished":"2025-05-06T12:59:42+00:00","dateModified":"2025-06-01T13:42:43+00:00","author":{"@id":"https:\/\/www.coachwp.fr\/pierre-et-vacances\/#\/schema\/person\/1df0858e1be5426d323eade228015802"},"description":"D\u00e9veloppement des talents et engagement collectif pour un tourisme responsable : la promesse de Pierre & Vacances envers ses collaborateurs","breadcrumb":{"@id":"https:\/\/www.coachwp.fr\/pierre-et-vacances\/2025\/05\/06\/le-groupe-pvcp-engager-nos-collaborateurs\/#breadcrumb"},"inLanguage":"fr-FR","potentialAction":[{"@type":"ReadAction","target":["https:\/\/www.coachwp.fr\/pierre-et-vacances\/2025\/05\/06\/le-groupe-pvcp-engager-nos-collaborateurs\/"]}]},{"@type":"ImageObject","inLanguage":"fr-FR","@id":"https:\/\/www.coachwp.fr\/pierre-et-vacances\/2025\/05\/06\/le-groupe-pvcp-engager-nos-collaborateurs\/#primaryimage","url":"https:\/\/www.coachwp.fr\/pierre-et-vacances\/wp-content\/uploads\/2025\/05\/Article04.png","contentUrl":"https:\/\/www.coachwp.fr\/pierre-et-vacances\/wp-content\/uploads\/2025\/05\/Article04.png","width":1180,"height":350},{"@type":"BreadcrumbList","@id":"https:\/\/www.coachwp.fr\/pierre-et-vacances\/2025\/05\/06\/le-groupe-pvcp-engager-nos-collaborateurs\/#breadcrumb","itemListElement":[{"@type":"ListItem","position":1,"name":"Accueil","item":"https:\/\/www.coachwp.fr\/pierre-et-vacances\/"},{"@type":"ListItem","position":2,"name":"Collaborateurs engag\u00e9s : le levier strat\u00e9gique du tourisme de demain"}]},{"@type":"WebSite","@id":"https:\/\/www.coachwp.fr\/pierre-et-vacances\/#website","url":"https:\/\/www.coachwp.fr\/pierre-et-vacances\/","name":"Horizons M\u00e9dias","description":"Votre source d&#039;information sur le Groupe Pierre &amp; Vacances-Center Parcs","potentialAction":[{"@type":"SearchAction","target":{"@type":"EntryPoint","urlTemplate":"https:\/\/www.coachwp.fr\/pierre-et-vacances\/?s={search_term_string}"},"query-input":{"@type":"PropertyValueSpecification","valueRequired":true,"valueName":"search_term_string"}}],"inLanguage":"fr-FR"},{"@type":"Person","@id":"https:\/\/www.coachwp.fr\/pierre-et-vacances\/#\/schema\/person\/1df0858e1be5426d323eade228015802","name":"Donna Traore","image":{"@type":"ImageObject","inLanguage":"fr-FR","@id":"https:\/\/www.coachwp.fr\/pierre-et-vacances\/#\/schema\/person\/image\/","url":"https:\/\/secure.gravatar.com\/avatar\/3c43e0ee09ec37a4eaee7c57439855793a58c7c548f987fedf7c85d49ae5471a?s=96&d=mm&r=g","contentUrl":"https:\/\/secure.gravatar.com\/avatar\/3c43e0ee09ec37a4eaee7c57439855793a58c7c548f987fedf7c85d49ae5471a?s=96&d=mm&r=g","caption":"Donna Traore"},"url":"https:\/\/www.coachwp.fr\/pierre-et-vacances\/author\/donna-traore\/"}]}},"_links":{"self":[{"href":"https:\/\/www.coachwp.fr\/pierre-et-vacances\/wp-json\/wp\/v2\/posts\/243","targetHints":{"allow":["GET"]}}],"collection":[{"href":"https:\/\/www.coachwp.fr\/pierre-et-vacances\/wp-json\/wp\/v2\/posts"}],"about":[{"href":"https:\/\/www.coachwp.fr\/pierre-et-vacances\/wp-json\/wp\/v2\/types\/post"}],"author":[{"embeddable":true,"href":"https:\/\/www.coachwp.fr\/pierre-et-vacances\/wp-json\/wp\/v2\/users\/6"}],"replies":[{"embeddable":true,"href":"https:\/\/www.coachwp.fr\/pierre-et-vacances\/wp-json\/wp\/v2\/comments?post=243"}],"version-history":[{"count":57,"href":"https:\/\/www.coachwp.fr\/pierre-et-vacances\/wp-json\/wp\/v2\/posts\/243\/revisions"}],"predecessor-version":[{"id":1916,"href":"https:\/\/www.coachwp.fr\/pierre-et-vacances\/wp-json\/wp\/v2\/posts\/243\/revisions\/1916"}],"wp:featuredmedia":[{"embeddable":true,"href":"https:\/\/www.coachwp.fr\/pierre-et-vacances\/wp-json\/wp\/v2\/media\/1783"}],"wp:attachment":[{"href":"https:\/\/www.coachwp.fr\/pierre-et-vacances\/wp-json\/wp\/v2\/media?parent=243"}],"wp:term":[{"taxonomy":"category","embeddable":true,"href":"https:\/\/www.coachwp.fr\/pierre-et-vacances\/wp-json\/wp\/v2\/categories?post=243"},{"taxonomy":"post_tag","embeddable":true,"href":"https:\/\/www.coachwp.fr\/pierre-et-vacances\/wp-json\/wp\/v2\/tags?post=243"}],"curies":[{"name":"wp","href":"https:\/\/api.w.org\/{rel}","templated":true}]}}