{"id":241,"date":"2025-05-06T12:59:25","date_gmt":"2025-05-06T12:59:25","guid":{"rendered":"https:\/\/www.coachwp.fr\/pierre-et-vacances\/?p=241"},"modified":"2025-06-01T13:41:42","modified_gmt":"2025-06-01T13:41:42","slug":"le-groupe-pvcp-contribution-aux-territoires","status":"publish","type":"post","link":"https:\/\/www.coachwp.fr\/pierre-et-vacances\/2025\/05\/06\/le-groupe-pvcp-contribution-aux-territoires\/","title":{"rendered":"Le Groupe Pierre &amp; Vacances &#8211; Center Parcs, un partenaire cl\u00e9 pour la valorisation des territoires"},"content":{"rendered":"\n<div class=\"wp-block-columns is-layout-flex wp-container-core-columns-is-layout-9d6595d7 wp-block-columns-is-layout-flex\">\n<div class=\"wp-block-column is-layout-flow wp-block-column-is-layout-flow\">\n<p style=\"font-size:16px;font-style:normal;font-weight:500\"><strong>Leader europ\u00e9en du tourisme de proximit\u00e9 \u00e0 enjeux positifs, le groupe PVCP a int\u00e9gr\u00e9 la contribution au dynamisme des territoires dans son <a href=\"https:\/\/www.coachwp.fr\/pierre-et-vacances\/enjeux-strategie\/\" target=\"_blank\" rel=\"noreferrer noopener\">plan strat\u00e9gique<em> <\/em>intitul\u00e9<em> \u201cR\u00e9invention\u201d<\/em><\/a>. Depuis 2021, ce tourisme r\u00e9invent\u00e9 s\u2019inscrit dans une logique d\u2019\u00e9change et de contribution r\u00e9ciproque entre les territoires, le Groupe et ses clients. Pour renforcer l&rsquo;attractivit\u00e9 de ses lieux d&rsquo;implantation, le Groupe s\u2019engage sur trois aspects : renforcer les liens avec les acteurs locaux, dynamiser les \u00e9conomies locales et contribuer \u00e0 la valorisation des patrimoines locaux.<\/strong><\/p>\n<\/div>\n<\/div>\n\n\n\n<p><\/p>\n\n\n\n<h2 class=\"wp-block-heading\"><strong>Un dialogue territorial engag\u00e9 et p\u00e9renne<\/strong><\/h2>\n\n\n\n<p class=\"has-text-align-left\" style=\"font-size:16px;font-style:normal;font-weight:500\">Souhaitant s&rsquo;engager durablement avec les territoires, le Groupe instaure un <strong>dialogue constant <\/strong>avec les collectivit\u00e9s, les \u00e9lus locaux et les habitants d\u00e8s la phase de conception pour s\u2019assurer que ses projets r\u00e9pondent aux attentes . Ces d\u00e9marches de concertation<strong> <\/strong>sont essentielles pour<strong> assurer l&rsquo;acceptabilit\u00e9 des projets<\/strong> aupr\u00e8s de ses acteurs locaux. Ainsi, depuis 2022, <a href=\"https:\/\/www.groupepvcp.com\/engagement\/tourisme-impact-positif\/\" target=\"_blank\" rel=\"noreferrer noopener\">selon la d\u00e9marche RSE<\/a> (Responsabilit\u00e9 Soci\u00e9tale des Entreprises), 100% des nouveaux projets de d\u00e9veloppement font l\u2019objet d\u2019une concertation approfondie, allant au-del\u00e0 des obligations l\u00e9gales. <\/p>\n\n\n\n<p class=\"has-text-align-left\" style=\"font-size:16px;font-style:normal;font-weight:500\">Enfin, pour assurer l\u2019ancrage territorial, des \u00e9tudes d\u2019impact \u00e9conomique, social et <a href=\"https:\/\/www.coachwp.fr\/pierre-et-vacances\/2025\/05\/06\/sujet-n3\/\" target=\"_blank\" rel=\"noreferrer noopener\">environnemental<\/a> sont \u00e9galement men\u00e9es pour \u00e9valuer et optimiser <strong>les retomb\u00e9es positives pour les territoires<\/strong>.&nbsp;<br><\/p>\n\n\n\n<h2 class=\"wp-block-heading\"><strong>Un impact \u00e9conomique majeur pour le territoire local<\/strong><\/h2>\n\n\n\n<p style=\"font-size:16px;font-style:normal;font-weight:500\">Selon le cabinet de conseil <a href=\"https:\/\/asteres.fr\/etude\/le-tourisme-de-proximite-un-atout-economique-et-ecoresponsable-pour-la-france\/\" target=\"_blank\" rel=\"noreferrer noopener\">ASTER\u00c8S<\/a> mandat\u00e9 par le Groupe, <strong>le tourisme de proximit\u00e9 est un important g\u00e9n\u00e9rateur de revenus et d\u2019emplois pour les r\u00e9gions<\/strong> et agit comme un levier de r\u00e9partition de l\u2019activit\u00e9 touristique entre les territoires. Le groupe <strong>favorise ainsi le recrutement et l\u2019emploi local<\/strong>. C&rsquo;est pourquoi la Normandie, la Bourgogne-Franche-Comt\u00e9 et le Centre-Val-de-Loire tirent la majeure partie de leurs emplois touristiques du tourisme de proximit\u00e9. <\/p>\n\n\n\n<div class=\"wp-block-columns is-layout-flex wp-container-core-columns-is-layout-9d6595d7 wp-block-columns-is-layout-flex\">\n<div class=\"wp-block-column is-layout-flow wp-block-column-is-layout-flow\">\n<figure class=\"wp-block-image size-full\"><img loading=\"lazy\" decoding=\"async\" width=\"590\" height=\"350\" src=\"https:\/\/www.coachwp.fr\/pierre-et-vacances\/wp-content\/uploads\/2025\/05\/Article10.png\" alt=\"\" class=\"wp-image-1795\" srcset=\"https:\/\/www.coachwp.fr\/pierre-et-vacances\/wp-content\/uploads\/2025\/05\/Article10.png 590w, https:\/\/www.coachwp.fr\/pierre-et-vacances\/wp-content\/uploads\/2025\/05\/Article10-480x285.png 480w\" sizes=\"(min-width: 0px) and (max-width: 480px) 480px, (min-width: 481px) 590px, 100vw\" \/><\/figure>\n\n\n\n<p class=\"has-text-align-center\">La Cabane \u00e0 plantes au <br>Moulin des cordeliers<\/p>\n<\/div>\n\n\n\n<div class=\"wp-block-column is-layout-flow wp-block-column-is-layout-flow\">\n<p style=\"font-size:16px;font-style:normal;font-weight:500\">De plus, l<strong>e groupe participe \u00e9galement au dynamisme \u00e9conomique des territoires par <a href=\"https:\/\/www.groupepvcp.com\/engagement\/achats\/\" target=\"_blank\" rel=\"noreferrer noopener\">ses achats<\/a>,<\/strong> il a engag\u00e9 des partenariats avec des <strong>fournisseurs locaux <\/strong>pour l&rsquo;approvisionnement : la production et la distribution via les circuits courts.<a href=\"https:\/\/www.groupepvcp.com\/app\/uploads\/2024\/12\/deu_20dec24-fr.pdf\" target=\"_blank\" rel=\"noreferrer noopener\"> En 2023<\/a>, 73% des achats sont locaux pour la phase de construction et 58% pour la phase exploitation.<\/p>\n\n\n\n<p style=\"font-size:16px;font-style:normal;font-weight:500\">Enfin, l\u2019accueil touristique du Groupe <strong>g\u00e9n\u00e8re des retomb\u00e9es directes pour les commerces et services locaux <\/strong>: 95% des clients font leurs courses alimentaires localement et 88% vont aux restaurants durant leurs s\u00e9jours.<\/p>\n<\/div>\n<\/div>\n\n\n\n<p><\/p>\n\n\n\n<h2 class=\"wp-block-heading\"><strong>Une valorisation soutenue des atouts patrimoniaux et touristiques du territoire<\/strong><\/h2>\n\n\n\n<div class=\"wp-block-group is-nowrap is-layout-flex wp-container-core-group-is-layout-ad2f72ca wp-block-group-is-layout-flex\">\n<p style=\"font-size:16px;font-style:normal;font-weight:500\">Dans le cadre de ses nouveaux projets, le groupe participe \u00e0 la <strong>redynamisation des zones rurales<\/strong> en y implantant ses villages vacances. Il <strong>r\u00e9habilite \u00e9galement d\u2019anciennes friches <\/strong>comme en <a href=\"https:\/\/video.lefigaro.fr\/figaro\/video\/les-anciens-sites-militaires-sont-lendroit-parfait-pour-reconvertir-danciennes-friches-explique-franck-gervais-dg-du-groupe-pierre-vacances-center-parcs\/\" target=\"_blank\" rel=\"noreferrer noopener\">Allemagne<\/a> pour les valoriser en sites touristiques \u00e0 forte qualit\u00e9 architecturale et paysag\u00e8re.<\/p>\n<\/div>\n\n\n\n<p><\/p>\n\n\n\n<figure class=\"wp-block-image alignright size-full is-resized\"><img loading=\"lazy\" decoding=\"async\" width=\"590\" height=\"350\" src=\"https:\/\/www.coachwp.fr\/pierre-et-vacances\/wp-content\/uploads\/2025\/05\/Article09-1.png\" alt=\"\" class=\"wp-image-1794\" style=\"width:464px;height:auto\" srcset=\"https:\/\/www.coachwp.fr\/pierre-et-vacances\/wp-content\/uploads\/2025\/05\/Article09-1.png 590w, https:\/\/www.coachwp.fr\/pierre-et-vacances\/wp-content\/uploads\/2025\/05\/Article09-1-480x285.png 480w\" sizes=\"(min-width: 0px) and (max-width: 480px) 480px, (min-width: 481px) 590px, 100vw\" \/><figcaption class=\"wp-element-caption\">Atelier Plantes au Domaine <br>Center Parcs Les Trois For\u00eats<\/figcaption><\/figure>\n\n\n\n<p style=\"font-size:16px;font-style:normal;font-weight:500\">Soucieux de promouvoir les richesses des territoires, le Groupe encourage ses clients \u00e0 <strong>d\u00e9couvrir le patrimoine naturel, culturel et gastronomique local<\/strong>. Cette d\u00e9couverte s&rsquo;effectue \u00e0 travers des <a href=\"https:\/\/www.centerparcs.fr\/fr-fr\/toutes-nos-activites_ms\" target=\"_blank\" rel=\"noreferrer noopener\">activit\u00e9s propos\u00e9es<\/a> au sein des r\u00e9sidences, telles que des balades nature ou des ateliers anim\u00e9s par des intervenants ext\u00e9rieurs. En outre, elle s&rsquo;illustre aussi par des partenariats avec les <a href=\"https:\/\/www.centerparcs.fr\/fr-fr\/france\/fp_LG_vacances-les-landes-de-gascogne\" target=\"_blank\" rel=\"noreferrer noopener\">offices de tourisme<\/a> pour organiser des visites guid\u00e9es ou des d\u00e9gustations. <a href=\"https:\/\/www.groupepvcp.com\/app\/uploads\/2024\/12\/deu_20dec24-fr.pdf\" target=\"_blank\" rel=\"noreferrer noopener\">Selon les derniers chiffres<\/a>, en 2023, 32 % des r\u00e9sidences Pierre &amp; Vacances proposent une s\u00e9lection d\u2019activit\u00e9s, avec un objectif de 100% d\u2019ici fin 2025 et 100% des villages Center Parcs mettent en avant des sites d&rsquo;int\u00e9r\u00eats locaux. <\/p>\n\n\n\n<p style=\"font-size:16px;font-style:normal;font-weight:500\">Cet engagement a \u00e9t\u00e9 salu\u00e9 par <strong>l\u2019obtention par Center Parcs du <a href=\"https:\/\/news.groupepvcp.com\/center-parcs-villages-nature-paris-recoit-le-label-beevent-inspirant-pour-son-activite-evenementielle\/\" target=\"_blank\" rel=\"noreferrer noopener\">label \u00ab Beevent Inspirant <\/a>\u00bb<\/strong> pour ses activit\u00e9s \u00e9v\u00e9nementielles \u00e9coresponsables.<\/p>\n\n\n\n<p class=\"has-text-align-center has-luminous-vivid-orange-color has-white-background-color has-text-color has-background has-link-color wp-elements-a67eb8c7a96e8ee3035a2fbdfa7c8617\" style=\"font-size:16px;font-style:normal;font-weight:500\"><br><em><strong>\u201cLa force du collectif : la transition vers un tourisme plus durable est le fait de chaque acteur de la chaine : h\u00e9bergement, transport, restauration, activit\u00e9\u2026.c\u2019est un tout \u00e0 mettre en musique, en mettant notre client au centre d\u2019une exp\u00e9rience d\u2019une tourisme contributif et respectueux de l\u2019environnement.\u201d<\/strong><\/em><\/p>\n\n\n\n<p class=\"has-text-align-center has-white-background-color has-background\" style=\"font-size:16px;font-style:normal;font-weight:500\"><img loading=\"lazy\" decoding=\"async\" width=\"150\" height=\"150\" class=\"wp-image-861\" style=\"width: 150px;\" src=\"https:\/\/www.coachwp.fr\/pierre-et-vacances\/wp-content\/uploads\/2025\/05\/RSE-Emilie-RIESS.png\" alt=\"Photo d'Emilie RIESS Directrice RSE\"><br><\/p>\n\n\n\n<h2 class=\"wp-block-heading\"><strong>Les ressources consult\u00e9es<\/strong><\/h2>\n\n\n\n<ul class=\"wp-block-list\">\n<li style=\"font-size:14px\"><a href=\"https:\/\/www.groupepvcp.com\/engagement\/achats\/\" target=\"_blank\" rel=\"noreferrer noopener\">Achats<\/a>, <em>Groupe PVCP<\/em> [en&nbsp;ligne] [consult\u00e9 le 19&nbsp;mai&nbsp;2025].&nbsp;<\/li>\n\n\n\n<li style=\"font-size:14px\"><a href=\"https:\/\/www.groupepvcp.com\/engagement\/tourisme-impact-positif\/\" target=\"_blank\" rel=\"noreferrer noopener\">Agir pour un tourisme \u00e0 impact positif,<\/a> <em>Groupe PVCP<\/em> [en&nbsp;ligne] [consult\u00e9 le 19&nbsp;mai&nbsp;2025].&nbsp;<\/li>\n\n\n\n<li style=\"font-size:14px\"><a href=\"https:\/\/news.groupepvcp.com\/?p=20388\" target=\"_blank\" rel=\"noreferrer noopener\">Center Parcs Villages Nature Paris re\u00e7oit le label \u00ab\u202fBeevent Inspirant\u202f\u00bb pour son activit\u00e9 \u00e9v\u00e9nementielle<\/a>. <em>Site presse du Groupe PVCP<\/em>,  7\u00a0mars\u00a02024.[en\u00a0ligne].[consult\u00e9 le 19\u00a0mai\u00a02025].<\/li>\n\n\n\n<li style=\"font-size:14px\"><a href=\"https:\/\/www.groupepvcp.com\/app\/uploads\/2024\/12\/deu_20dec24-fr.pdf\" target=\"_blank\" rel=\"noreferrer noopener\">Document d\u2019Enregistrement Universel 2023-2024<\/a>, <em>Groupe PVCP<\/em> [en ligne] [consult\u00e9 le 15 mai 2025].&nbsp;<\/li>\n\n\n\n<li style=\"font-size:14px\"><a href=\"https:\/\/www.ehonline.eu\/emilie-riess\/\" target=\"_blank\" rel=\"noreferrer noopener\">Emilie RIESS DEMEUSOIS<\/a> | Article. <em>eh! Online<\/em> 16\u00a0juillet\u00a02021. [en\u00a0ligne]. [consult\u00e9 le 19\u00a0mai\u00a02025].\u00a0<\/li>\n\n\n\n<li style=\"font-size:14px\"><a href=\"https:\/\/pvcp.epresspack.online\/5-activites-authentiques-et-locales-offertes-sur-une-selection-de-residences-pierre-vacances-en-france\/\" target=\"_blank\" rel=\"noreferrer noopener\">EPP, 2022. 5 activit\u00e9s authentiques et locales offertes sur une s\u00e9lection de r\u00e9sidences Pierre &amp; Vacances en France.<\/a> <em>Site presse du Groupe PVCP<\/em>  22\u00a0juin\u00a02022.[en\u00a0ligne].[consult\u00e9 le 19\u00a0mai\u00a02025].\u00a0<\/li>\n\n\n\n<li style=\"font-size:14px\"><a href=\"https:\/\/news.groupepvcp.com\/?p=16489\" target=\"_blank\" rel=\"noreferrer noopener\">Le Domaine des Trois For\u00eats enrichit son offre avec 4 nouvelles activit\u00e9s Nature<\/a>. <em>Site presse du Groupe PVCP<\/em>,5\u00a0juin\u00a02023. [en\u00a0ligne].[consult\u00e9 le 19\u00a0mai\u00a02025].\u00a0<\/li>\n\n\n\n<li style=\"font-size:14px\"><a href=\"https:\/\/asteres.fr\/etude\/le-tourisme-de-proximite-un-atout-economique-et-ecoresponsable-pour-la-france\/\" target=\"_blank\" rel=\"noreferrer noopener\">Le tourisme de proximit\u00e9\u202f: un atout \u00e9conomique et \u00e9coresponsable pour la France<\/a>, <em>ASTER\u00c8S<\/em>, 2022 [en ligne] [consult\u00e9 le 19 mai 2025].\u00a0<\/li>\n\n\n\n<li style=\"font-size:14px\"><a href=\"https:\/\/video.lefigaro.fr\/figaro\/video\/les-anciens-sites-militaires-sont-lendroit-parfait-pour-reconvertir-danciennes-friches-explique-franck-gervais-dg-du-groupe-pierre-vacances-center-parcs\/\" target=\"_blank\" rel=\"noreferrer noopener\">\u00ab\u202fLes anciens sites militaires sont l\u2019endroit parfait pour reconvertir d\u2019anciennes friches\u202f\u00bb<\/a> explique Franck Gervais DG du Groupe Pierre &amp;Vacances-Center Parcs, <em>Figaro Live<\/em>, 2025  [en\u00a0ligne] [consult\u00e9 le 19\u00a0mai\u00a02025].\u00a0<\/li>\n\n\n\n<li style=\"font-size:14px\"><a href=\"https:\/\/www.icade.fr\/activites\/fonciere\/work-in-motion\/actualite-de-work-in-motion\/pierre-vacances-client-icade-sur-le-campus-du-pont-de-flandre-nous-presente-leurs-engagements-rse-avec-jocelyne-rivet\" target=\"_blank\" rel=\"noreferrer noopener\">Pierre &amp; Vacances, client Icade sur le Campus du Pont de Flandre, nous pr\u00e9sente leurs engagements RSE avec Jocelyne Rivet<\/a>, <em>Icade<\/em> [en&nbsp;ligne] [consult\u00e9 le 19&nbsp;mai&nbsp;2025].&nbsp;<\/li>\n\n\n\n<li style=\"font-size:14px\"><a href=\"https:\/\/www.bsmart.fr\/video\/28263-smart-impact-16-avril-2025\" target=\"_blank\" rel=\"noreferrer noopener\">SMART IMPACT &#8211; Tourisme\u202f: comment r\u00e9inventer la RSE\u202f?<\/a>, [en&nbsp;ligne] [consult\u00e9 le 19&nbsp;mai&nbsp;2025].&nbsp;<\/li>\n\n\n\n<li style=\"font-size:14px\"><a href=\"https:\/\/www.centerparcs.fr\/fr-fr\/toutes-nos-activites_ms\" target=\"_blank\" rel=\"noreferrer noopener\">Toutes nos activit\u00e9s incluses et payantes | Center Parcs<\/a>, [en&nbsp;ligne] [consult\u00e9 le 19&nbsp;mai&nbsp;2025].&nbsp;<\/li>\n\n\n\n<li style=\"font-size:14px\"><a href=\"https:\/\/news.groupepvcp.com\/?p=16387\" target=\"_blank\" rel=\"noreferrer noopener\">Un an dans la vie du Domaine Center Parcs Landes de Gascogne.<\/a> <em>Site presse du Groupe PVCP<\/em>, 2\u00a0juin\u00a02023 [en\u00a0ligne]. [consult\u00e9 le 19\u00a0mai\u00a02025].\u00a0<\/li>\n<\/ul>\n","protected":false},"excerpt":{"rendered":"<p>Leader europ\u00e9en du tourisme de proximit\u00e9 \u00e0 enjeux positifs, le groupe PVCP a int\u00e9gr\u00e9 la contribution au dynamisme des territoires dans son plan strat\u00e9gique intitul\u00e9 \u201cR\u00e9invention\u201d. Depuis 2021, ce tourisme r\u00e9invent\u00e9 s\u2019inscrit dans une logique d\u2019\u00e9change et de contribution r\u00e9ciproque entre les territoires, le Groupe et ses clients. Pour renforcer l&rsquo;attractivit\u00e9 de ses lieux d&rsquo;implantation, [&hellip;]<\/p>\n","protected":false},"author":4,"featured_media":1790,"comment_status":"open","ping_status":"open","sticky":false,"template":"","format":"standard","meta":{"_et_pb_use_builder":"off","_et_pb_old_content":"<!-- wp:paragraph {\"style\":{\"typography\":{\"fontSize\":\"16px\",\"fontStyle\":\"normal\",\"fontWeight\":\"500\"}}} -->\n<p style=\"font-size:16px;font-style:normal;font-weight:500\"><strong>Leader europ\u00e9en du tourisme de proximit\u00e9 \u00e0 enjeux positifs<\/strong>, le groupe PVCP a int\u00e9gr\u00e9 <strong>la contribution au dynamisme des territoires <\/strong>dans son <a href=\"https:\/\/www.coachwp.fr\/pierre-et-vacances\/enjeux-strategie\/\" target=\"_blank\" rel=\"noreferrer noopener\"><strong>plan strat\u00e9gique<em> <\/em><\/strong>intitul\u00e9<strong><em> \u201cR\u00e9invention\u201d<\/em><\/strong><\/a>. Depuis 2021, ce tourisme r\u00e9invent\u00e9 s\u2019inscrit dans une logique d\u2019\u00e9change et de contribution r\u00e9ciproque entre les territoires, le Groupe et ses clients. Pour renforcer l'attractivit\u00e9 de ses lieux d'implantation, le Groupe s\u2019engage sur trois aspects : <strong>renforcer les liens avec les acteurs locaux, dynamiser les \u00e9conomies locales et contribuer \u00e0 la valorisation des patrimoines locaux.<\/strong><\/p>\n<!-- \/wp:paragraph -->\n\n<!-- wp:image {\"id\":705,\"width\":\"585px\",\"height\":\"auto\",\"aspectRatio\":\"1.4992599339633383\",\"scale\":\"cover\",\"sizeSlug\":\"full\",\"linkDestination\":\"none\",\"align\":\"center\"} -->\n<figure class=\"wp-block-image aligncenter size-full is-resized\"><img src=\"https:\/\/www.coachwp.fr\/pierre-et-vacances\/wp-content\/uploads\/2025\/05\/Article-Eugenie-Credit-Domaine-Center-Parcs-Les-Trois-Forets.png\" alt=\"Territoire valoris\u00e9 : Atelier Plante au Domaine Center Parcs Les Trois For\u00eats \u00a9Center Parcs\" class=\"wp-image-705\" style=\"aspect-ratio:1.4992599339633383;object-fit:cover;width:585px;height:auto\"\/><figcaption class=\"wp-element-caption\">Territoire valoris\u00e9 : Atelier Plantes au Domaine Center Parcs Les Trois For\u00eats<\/figcaption><\/figure>\n<!-- \/wp:image -->\n\n<!-- wp:heading -->\n<h2 class=\"wp-block-heading\"><strong>Un dialogue territorial engag\u00e9 et p\u00e9renne<\/strong><br><\/h2>\n<!-- \/wp:heading -->\n\n<!-- wp:paragraph {\"align\":\"left\",\"style\":{\"typography\":{\"fontSize\":\"16px\",\"fontStyle\":\"normal\",\"fontWeight\":\"500\"}}} -->\n<p class=\"has-text-align-left\" style=\"font-size:16px;font-style:normal;font-weight:500\">Souhaitant s'engager durablement avec les territoires, le Groupe instaure un <strong>dialogue constant <\/strong>avec les collectivit\u00e9s, les \u00e9lus locaux et les habitants d\u00e8s la phase de conception pour s\u2019assurer que ses projets r\u00e9pondent aux attentes . Ces d\u00e9marches de concertation<strong> <\/strong>sont essentielles pour<strong> assurer l'acceptabilit\u00e9 des projets<\/strong> aupr\u00e8s de ses acteurs locaux. Ainsi, depuis 2022, <a href=\"https:\/\/www.groupepvcp.com\/engagement\/tourisme-impact-positif\/\" target=\"_blank\" rel=\"noreferrer noopener\">selon la d\u00e9marche RSE<\/a> (Responsabilit\u00e9 Soci\u00e9tale des Entreprises), 100% des nouveaux projets de d\u00e9veloppement font l\u2019objet d\u2019une concertation approfondie, allant au-del\u00e0 des obligations l\u00e9gales. <\/p>\n<!-- \/wp:paragraph -->\n\n<!-- wp:paragraph {\"align\":\"left\",\"style\":{\"typography\":{\"fontSize\":\"16px\",\"fontStyle\":\"normal\",\"fontWeight\":\"500\"}}} -->\n<p class=\"has-text-align-left\" style=\"font-size:16px;font-style:normal;font-weight:500\">Enfin, pour assurer l\u2019ancrage territorial, des \u00e9tudes d\u2019impact \u00e9conomique, social et <a href=\"https:\/\/www.coachwp.fr\/pierre-et-vacances\/2025\/05\/06\/sujet-n3\/\" target=\"_blank\" rel=\"noreferrer noopener\">environnemental<\/a> sont \u00e9galement men\u00e9es pour \u00e9valuer et optimiser <strong>les retomb\u00e9es positives pour les territoires<\/strong>.&nbsp;<br><\/p>\n<!-- \/wp:paragraph -->\n\n<!-- wp:heading -->\n<h2 class=\"wp-block-heading\"><strong>Un impact \u00e9conomique majeur pour le territoire local<\/strong><\/h2>\n<!-- \/wp:heading -->\n\n<!-- wp:paragraph {\"style\":{\"typography\":{\"fontSize\":\"16px\",\"fontStyle\":\"normal\",\"fontWeight\":\"500\"}}} -->\n<p style=\"font-size:16px;font-style:normal;font-weight:500\">Selon le cabinet de conseil <a href=\"https:\/\/asteres.fr\/etude\/le-tourisme-de-proximite-un-atout-economique-et-ecoresponsable-pour-la-france\/\" target=\"_blank\" rel=\"noreferrer noopener\">ASTER\u00c8S<\/a> mandat\u00e9 par le Groupe, <strong>le tourisme de proximit\u00e9 est un important g\u00e9n\u00e9rateur de revenus et d\u2019emplois pour les r\u00e9gions<\/strong> et agit comme un levier de r\u00e9partition de l\u2019activit\u00e9 touristique entre les territoires. Le groupe <strong>favorise ainsi le recrutement et l\u2019emploi local<\/strong>. C'est pourquoi la Normandie, la Bourgogne-Franche-Comt\u00e9 et le Centre-Val-de-Loire tirent la majeure partie de leurs emplois touristiques du tourisme de proximit\u00e9. <\/p>\n<!-- \/wp:paragraph -->\n\n<!-- wp:paragraph {\"style\":{\"typography\":{\"fontSize\":\"16px\",\"fontStyle\":\"normal\",\"fontWeight\":\"500\"}}} -->\n<p style=\"font-size:16px;font-style:normal;font-weight:500\">De plus, l<strong>e groupe participe \u00e9galement au dynamisme \u00e9conomique des territoires par <a href=\"https:\/\/www.groupepvcp.com\/engagement\/achats\/\" target=\"_blank\" rel=\"noreferrer noopener\">ses achats<\/a>,<\/strong> il a engag\u00e9 des partenariats avec des <strong>fournisseurs locaux <\/strong>pour l'approvisionnement : la production et la distribution via les circuits courts.<a href=\"https:\/\/www.groupepvcp.com\/app\/uploads\/2024\/12\/deu_20dec24-fr.pdf\" target=\"_blank\" rel=\"noreferrer noopener\"> En 2023<\/a>, 73% des achats sont locaux pour la phase de construction et 58% pour la phase exploitation. <\/p>\n<!-- \/wp:paragraph -->\n\n<!-- wp:paragraph {\"style\":{\"typography\":{\"fontSize\":\"16px\",\"fontStyle\":\"normal\",\"fontWeight\":\"500\"}}} -->\n<p style=\"font-size:16px;font-style:normal;font-weight:500\">Enfin, l\u2019accueil touristique du Groupe <strong>g\u00e9n\u00e8re des retomb\u00e9es directes pour les commerces et services locaux <\/strong>: 95% des clients font leurs courses alimentaires localement et 88% vont aux restaurants durant leurs s\u00e9jours.<\/p>\n<!-- \/wp:paragraph -->\n\n<!-- wp:image {\"id\":704,\"width\":\"585px\",\"height\":\"auto\",\"aspectRatio\":\"1.4244145167396831\",\"sizeSlug\":\"full\",\"linkDestination\":\"none\",\"align\":\"center\"} -->\n<figure class=\"wp-block-image aligncenter size-full is-resized\"><img src=\"https:\/\/www.coachwp.fr\/pierre-et-vacances\/wp-content\/uploads\/2025\/05\/1655988592_cabane-plantes.jpg\" alt=\"Territoire valoris\u00e9 : La Cabane \u00e0 plantes au Moulin des cordeliers \u00a9 Groupe Pierre &amp; Vacances-Center Parcs\" class=\"wp-image-704\" style=\"aspect-ratio:1.4244145167396831;width:585px;height:auto\"\/><figcaption class=\"wp-element-caption\">Territoire valoris\u00e9 : La Cabane \u00e0 plantes au Moulin des cordeliers <\/figcaption><\/figure>\n<!-- \/wp:image -->\n\n<!-- wp:heading -->\n<h2 class=\"wp-block-heading\"><strong>Une valorisation soutenue des atouts patrimoniaux et touristiques du territoire<\/strong><br><\/h2>\n<!-- \/wp:heading -->\n\n<!-- wp:paragraph {\"style\":{\"typography\":{\"fontStyle\":\"normal\",\"fontWeight\":\"500\",\"fontSize\":\"16px\"}}} -->\n<p style=\"font-size:16px;font-style:normal;font-weight:500\">Dans le cadre de ses nouveaux projets, le groupe participe \u00e0 la <strong>redynamisation des zones rurales<\/strong> en y implantant ses villages vacances. Il <strong>r\u00e9habilite \u00e9galement d\u2019anciennes friches <\/strong>comme en <a href=\"https:\/\/video.lefigaro.fr\/figaro\/video\/les-anciens-sites-militaires-sont-lendroit-parfait-pour-reconvertir-danciennes-friches-explique-franck-gervais-dg-du-groupe-pierre-vacances-center-parcs\/\" target=\"_blank\" rel=\"noreferrer noopener\">Allemagne<\/a> pour les valoriser en sites touristiques \u00e0 forte qualit\u00e9 architecturale et paysag\u00e8re.<\/p>\n<!-- \/wp:paragraph -->\n\n<!-- wp:paragraph {\"style\":{\"typography\":{\"fontStyle\":\"normal\",\"fontWeight\":\"500\",\"fontSize\":\"16px\"}}} -->\n<p style=\"font-size:16px;font-style:normal;font-weight:500\">Soucieux de promouvoir les richesses des territoires, le Groupe encourage ses clients \u00e0 <strong>d\u00e9couvrir le patrimoine naturel, culturel et gastronomique local<\/strong>. Cette d\u00e9couverte s'effectue \u00e0 travers des <a href=\"https:\/\/www.centerparcs.fr\/fr-fr\/toutes-nos-activites_ms\" target=\"_blank\" rel=\"noreferrer noopener\">activit\u00e9s propos\u00e9es<\/a> au sein des r\u00e9sidences, telles que des balades nature ou des ateliers anim\u00e9s par des intervenants ext\u00e9rieurs. En outre, elle s'illustre aussi par des partenariats avec les <a href=\"https:\/\/www.centerparcs.fr\/fr-fr\/france\/fp_LG_vacances-les-landes-de-gascogne\" target=\"_blank\" rel=\"noreferrer noopener\">offices de tourisme<\/a> pour organiser des visites guid\u00e9es ou des d\u00e9gustations. <a href=\"https:\/\/www.groupepvcp.com\/app\/uploads\/2024\/12\/deu_20dec24-fr.pdf\" target=\"_blank\" rel=\"noreferrer noopener\">Selon les derniers chiffres<\/a>, en 2023, 32 % des r\u00e9sidences Pierre &amp; Vacances proposent une s\u00e9lection d\u2019activit\u00e9s, avec un objectif de 100% d\u2019ici fin 2025 et 100% des villages Center Parcs mettent en avant des sites d'int\u00e9r\u00eats locaux. <\/p>\n<!-- \/wp:paragraph -->\n\n<!-- wp:paragraph {\"style\":{\"typography\":{\"fontStyle\":\"normal\",\"fontWeight\":\"500\",\"fontSize\":\"16px\"}}} -->\n<p style=\"font-size:16px;font-style:normal;font-weight:500\">Cet engagement a \u00e9t\u00e9 salu\u00e9 par <strong>l\u2019obtention par Center Parcs du <a href=\"https:\/\/news.groupepvcp.com\/center-parcs-villages-nature-paris-recoit-le-label-beevent-inspirant-pour-son-activite-evenementielle\/\" target=\"_blank\" rel=\"noreferrer noopener\">label \u00ab Beevent Inspirant <\/a>\u00bb<\/strong> pour ses activit\u00e9s \u00e9v\u00e9nementielles \u00e9coresponsables.<\/p>\n<!-- \/wp:paragraph -->\n\n<!-- wp:paragraph -->\n<p><\/p>\n<!-- \/wp:paragraph -->\n\n<!-- wp:quote {\"style\":{\"typography\":{\"fontSize\":\"16px\",\"fontStyle\":\"normal\",\"fontWeight\":\"500\"}},\"backgroundColor\":\"white\"} -->\n<blockquote class=\"wp-block-quote has-white-background-color has-background\" style=\"font-size:16px;font-style:normal;font-weight:500\"><!-- wp:paragraph {\"align\":\"center\",\"style\":{\"typography\":{\"fontSize\":\"16px\",\"fontStyle\":\"normal\",\"fontWeight\":\"500\"},\"elements\":{\"link\":{\"color\":{\"text\":\"var:preset|color|luminous-vivid-orange\"}}}},\"textColor\":\"luminous-vivid-orange\"} -->\n<p class=\"has-text-align-center has-luminous-vivid-orange-color has-text-color has-link-color\" style=\"font-size:16px;font-style:normal;font-weight:500\"><br><em><strong>\u201cLa force du collectif : la transition vers un tourisme plus durable est le fait de chaque acteur de la chaine : h\u00e9bergement, transport, restauration, activit\u00e9\u2026.c\u2019est un tout \u00e0 mettre en musique, en mettant notre client au centre d\u2019une exp\u00e9rience d\u2019une tourisme contributif et respectueux de l\u2019environnement.\u201d<\/strong><\/em><\/p>\n<!-- \/wp:paragraph -->\n\n<!-- wp:paragraph {\"align\":\"center\",\"style\":{\"typography\":{\"fontSize\":\"16px\",\"fontStyle\":\"normal\",\"fontWeight\":\"500\"}}} -->\n<p class=\"has-text-align-center\" style=\"font-size:16px;font-style:normal;font-weight:500\"><img class=\"wp-image-861\" style=\"width: 150px;\" src=\"https:\/\/www.coachwp.fr\/pierre-et-vacances\/wp-content\/uploads\/2025\/05\/RSE-Emilie-RIESS.png\" alt=\"Photo d'Emilie RIESS Directrice RSE\"><br><\/p>\n<!-- \/wp:paragraph --><\/blockquote>\n<!-- \/wp:quote -->\n\n<!-- wp:heading -->\n<h2 class=\"wp-block-heading\"><strong>Les ressources consult\u00e9es<\/strong><\/h2>\n<!-- \/wp:heading -->\n\n<!-- wp:list -->\n<ul class=\"wp-block-list\"><!-- wp:list-item {\"style\":{\"typography\":{\"fontSize\":\"14px\"}}} -->\n<li style=\"font-size:14px\"><a href=\"https:\/\/www.groupepvcp.com\/engagement\/achats\/\" target=\"_blank\" rel=\"noreferrer noopener\">Achats<\/a>, <em>Groupe PVCP<\/em> [en&nbsp;ligne] [consult\u00e9 le 19&nbsp;mai&nbsp;2025].&nbsp;<\/li>\n<!-- \/wp:list-item -->\n\n<!-- wp:list-item {\"style\":{\"typography\":{\"fontSize\":\"14px\"}}} -->\n<li style=\"font-size:14px\"><a href=\"https:\/\/www.groupepvcp.com\/engagement\/tourisme-impact-positif\/\" target=\"_blank\" rel=\"noreferrer noopener\">Agir pour un tourisme \u00e0 impact positif,<\/a> <em>Groupe PVCP<\/em> [en&nbsp;ligne] [consult\u00e9 le 19&nbsp;mai&nbsp;2025].&nbsp;<\/li>\n<!-- \/wp:list-item -->\n\n<!-- wp:list-item {\"style\":{\"typography\":{\"fontSize\":\"14px\"}}} -->\n<li style=\"font-size:14px\"><a href=\"https:\/\/news.groupepvcp.com\/?p=20388\" target=\"_blank\" rel=\"noreferrer noopener\">Center Parcs Villages Nature Paris re\u00e7oit le label \u00ab\u202fBeevent Inspirant\u202f\u00bb pour son activit\u00e9 \u00e9v\u00e9nementielle<\/a>. <em>Site presse du Groupe PVCP<\/em> [en&nbsp;ligne]. 7&nbsp;mars&nbsp;2024. [consult\u00e9 le 19&nbsp;mai&nbsp;2025].&nbsp;<\/li>\n<!-- \/wp:list-item -->\n\n<!-- wp:list-item {\"style\":{\"typography\":{\"fontSize\":\"14px\"}}} -->\n<li style=\"font-size:14px\"><a href=\"https:\/\/www.groupepvcp.com\/app\/uploads\/2024\/12\/deu_20dec24-fr.pdf\" target=\"_blank\" rel=\"noreferrer noopener\">Document d\u2019Enregistrement Universel 2023-2024<\/a>, <em>Groupe PVCP<\/em> [en ligne] [consult\u00e9 le 15 mai 2025].&nbsp;<\/li>\n<!-- \/wp:list-item -->\n\n<!-- wp:list-item {\"style\":{\"typography\":{\"fontSize\":\"14px\"}}} -->\n<li style=\"font-size:14px\"><a href=\"https:\/\/www.ehonline.eu\/emilie-riess\/\" target=\"_blank\" rel=\"noreferrer noopener\">Emilie RIESS DEMEUSOIS<\/a> | Article. <em>eh! Online<\/em> [en&nbsp;ligne]. 16&nbsp;juillet&nbsp;2021. [consult\u00e9 le 19&nbsp;mai&nbsp;2025].&nbsp;<\/li>\n<!-- \/wp:list-item -->\n\n<!-- wp:list-item {\"style\":{\"typography\":{\"fontSize\":\"14px\"}}} -->\n<li style=\"font-size:14px\"><a href=\"https:\/\/pvcp.epresspack.online\/5-activites-authentiques-et-locales-offertes-sur-une-selection-de-residences-pierre-vacances-en-france\/\" target=\"_blank\" rel=\"noreferrer noopener\">EPP, 2022. 5 activit\u00e9s authentiques et locales offertes sur une s\u00e9lection de r\u00e9sidences Pierre &amp; Vacances en France.<\/a> <em>Site presse du Groupe PVCP<\/em> [en&nbsp;ligne]. 22&nbsp;juin&nbsp;2022.[consult\u00e9 le 19&nbsp;mai&nbsp;2025].&nbsp;<\/li>\n<!-- \/wp:list-item -->\n\n<!-- wp:list-item {\"style\":{\"typography\":{\"fontSize\":\"14px\"}}} -->\n<li style=\"font-size:14px\"><a href=\"https:\/\/news.groupepvcp.com\/?p=16489\" target=\"_blank\" rel=\"noreferrer noopener\">Le Domaine des Trois For\u00eats enrichit son offre avec 4 nouvelles activit\u00e9s Nature<\/a>. <em>Site presse du Groupe PVCP<\/em> [en&nbsp;ligne]. 5&nbsp;juin&nbsp;2023. [consult\u00e9 le 19&nbsp;mai&nbsp;2025].&nbsp;<\/li>\n<!-- \/wp:list-item -->\n\n<!-- wp:list-item {\"style\":{\"typography\":{\"fontSize\":\"14px\"}}} -->\n<li style=\"font-size:14px\"><a href=\"https:\/\/asteres.fr\/etude\/le-tourisme-de-proximite-un-atout-economique-et-ecoresponsable-pour-la-france\/\" target=\"_blank\" rel=\"noreferrer noopener\">Le tourisme de proximit\u00e9\u202f: un atout \u00e9conomique et \u00e9coresponsable pour la France<\/a>, 2022 ASTER\u00c8S [en ligne] [consult\u00e9 le 19 mai 2025].&nbsp;<\/li>\n<!-- \/wp:list-item -->\n\n<!-- wp:list-item {\"style\":{\"typography\":{\"fontSize\":\"14px\"}}} -->\n<li style=\"font-size:14px\"><a href=\"https:\/\/video.lefigaro.fr\/figaro\/video\/les-anciens-sites-militaires-sont-lendroit-parfait-pour-reconvertir-danciennes-friches-explique-franck-gervais-dg-du-groupe-pierre-vacances-center-parcs\/\" target=\"_blank\" rel=\"noreferrer noopener\">\u00ab\u202fLes anciens sites militaires sont l\u2019endroit parfait pour reconvertir d\u2019anciennes friches\u202f\u00bb<\/a> explique Franck Gervais DG du Groupe Pierre &amp;Vacances-Center Parcs, 2025 <em>Figaro Live<\/em> [en&nbsp;ligne] [consult\u00e9 le 19&nbsp;mai&nbsp;2025].&nbsp;<\/li>\n<!-- \/wp:list-item -->\n\n<!-- wp:list-item {\"style\":{\"typography\":{\"fontSize\":\"14px\"}}} -->\n<li style=\"font-size:14px\"><a href=\"https:\/\/www.icade.fr\/activites\/fonciere\/work-in-motion\/actualite-de-work-in-motion\/pierre-vacances-client-icade-sur-le-campus-du-pont-de-flandre-nous-presente-leurs-engagements-rse-avec-jocelyne-rivet\" target=\"_blank\" rel=\"noreferrer noopener\">Pierre &amp; Vacances, client Icade sur le Campus du Pont de Flandre, nous pr\u00e9sente leurs engagements RSE avec Jocelyne Rivet<\/a>, <em>Icade<\/em> [en&nbsp;ligne] [consult\u00e9 le 19&nbsp;mai&nbsp;2025].&nbsp;<\/li>\n<!-- \/wp:list-item -->\n\n<!-- wp:list-item {\"style\":{\"typography\":{\"fontSize\":\"14px\"}}} -->\n<li style=\"font-size:14px\"><a href=\"https:\/\/www.bsmart.fr\/video\/28263-smart-impact-16-avril-2025\" target=\"_blank\" rel=\"noreferrer noopener\">SMART IMPACT - Tourisme\u202f: comment r\u00e9inventer la RSE\u202f?<\/a>, [en&nbsp;ligne] [consult\u00e9 le 19&nbsp;mai&nbsp;2025].&nbsp;<\/li>\n<!-- \/wp:list-item -->\n\n<!-- wp:list-item {\"style\":{\"typography\":{\"fontSize\":\"14px\"}}} -->\n<li style=\"font-size:14px\"><a href=\"https:\/\/www.centerparcs.fr\/fr-fr\/toutes-nos-activites_ms\" target=\"_blank\" rel=\"noreferrer noopener\">Toutes nos activit\u00e9s incluses et payantes | Center Parcs<\/a>, [en&nbsp;ligne] [consult\u00e9 le 19&nbsp;mai&nbsp;2025].&nbsp;<\/li>\n<!-- \/wp:list-item -->\n\n<!-- wp:list-item {\"style\":{\"typography\":{\"fontSize\":\"14px\"}}} -->\n<li style=\"font-size:14px\"><a href=\"https:\/\/news.groupepvcp.com\/?p=16387\" target=\"_blank\" rel=\"noreferrer noopener\">Un an dans la vie du Domaine Center Parcs Landes de Gascogne.<\/a> <em>Site presse du Groupe PVCP<\/em> [en&nbsp;ligne]. 2&nbsp;juin&nbsp;2023 [consult\u00e9 le 19&nbsp;mai&nbsp;2025].&nbsp;<\/li>\n<!-- \/wp:list-item --><\/ul>\n<!-- \/wp:list -->","_et_gb_content_width":"","footnotes":""},"categories":[9],"tags":[],"class_list":["post-241","post","type-post","status-publish","format-standard","has-post-thumbnail","hentry","category-la-strategie-reinvention"],"yoast_head":"<!-- This site is optimized with the Yoast SEO plugin v25.2 - https:\/\/yoast.com\/wordpress\/plugins\/seo\/ -->\n<title>Territoires et local : Pierre &amp; Vacances - Center parcs s&#039;engage !<\/title>\n<meta name=\"description\" content=\"D\u00e9couvrez comment Pierre &amp; Vacances - Center parcs est devenu un acteur engag\u00e9 pour le local et les territoires avec sa strat\u00e9gie R\u00e9invention\" \/>\n<meta name=\"robots\" content=\"index, follow, max-snippet:-1, max-image-preview:large, max-video-preview:-1\" \/>\n<link rel=\"canonical\" href=\"https:\/\/www.coachwp.fr\/pierre-et-vacances\/2025\/05\/06\/le-groupe-pvcp-contribution-aux-territoires\/\" \/>\n<meta property=\"og:locale\" content=\"fr_FR\" \/>\n<meta property=\"og:type\" content=\"article\" \/>\n<meta property=\"og:title\" content=\"Territoires et local : Pierre &amp; Vacances - Center parcs s&#039;engage !\" \/>\n<meta property=\"og:description\" content=\"D\u00e9couvrez comment Pierre &amp; Vacances - Center parcs est devenu un acteur engag\u00e9 pour le local et les territoires avec sa strat\u00e9gie R\u00e9invention\" \/>\n<meta property=\"og:url\" content=\"https:\/\/www.coachwp.fr\/pierre-et-vacances\/2025\/05\/06\/le-groupe-pvcp-contribution-aux-territoires\/\" \/>\n<meta property=\"og:site_name\" content=\"Horizons M\u00e9dias\" \/>\n<meta property=\"article:published_time\" content=\"2025-05-06T12:59:25+00:00\" \/>\n<meta property=\"article:modified_time\" content=\"2025-06-01T13:41:42+00:00\" \/>\n<meta property=\"og:image\" content=\"https:\/\/www.coachwp.fr\/pierre-et-vacances\/wp-content\/uploads\/2025\/05\/Article08.png\" \/>\n\t<meta property=\"og:image:width\" content=\"1180\" \/>\n\t<meta property=\"og:image:height\" content=\"350\" \/>\n\t<meta property=\"og:image:type\" content=\"image\/png\" \/>\n<meta name=\"author\" content=\"Eug\u00e9nie Vandenbussche\" \/>\n<meta name=\"twitter:card\" content=\"summary_large_image\" \/>\n<meta name=\"twitter:label1\" content=\"\u00c9crit par\" \/>\n\t<meta name=\"twitter:data1\" content=\"Eug\u00e9nie Vandenbussche\" \/>\n\t<meta name=\"twitter:label2\" content=\"Dur\u00e9e de lecture estim\u00e9e\" \/>\n\t<meta name=\"twitter:data2\" content=\"6 minutes\" \/>\n<script type=\"application\/ld+json\" class=\"yoast-schema-graph\">{\"@context\":\"https:\/\/schema.org\",\"@graph\":[{\"@type\":\"WebPage\",\"@id\":\"https:\/\/www.coachwp.fr\/pierre-et-vacances\/2025\/05\/06\/le-groupe-pvcp-contribution-aux-territoires\/\",\"url\":\"https:\/\/www.coachwp.fr\/pierre-et-vacances\/2025\/05\/06\/le-groupe-pvcp-contribution-aux-territoires\/\",\"name\":\"Territoires et local : Pierre & Vacances - Center parcs s'engage !\",\"isPartOf\":{\"@id\":\"https:\/\/www.coachwp.fr\/pierre-et-vacances\/#website\"},\"primaryImageOfPage\":{\"@id\":\"https:\/\/www.coachwp.fr\/pierre-et-vacances\/2025\/05\/06\/le-groupe-pvcp-contribution-aux-territoires\/#primaryimage\"},\"image\":{\"@id\":\"https:\/\/www.coachwp.fr\/pierre-et-vacances\/2025\/05\/06\/le-groupe-pvcp-contribution-aux-territoires\/#primaryimage\"},\"thumbnailUrl\":\"https:\/\/www.coachwp.fr\/pierre-et-vacances\/wp-content\/uploads\/2025\/05\/Article08.png\",\"datePublished\":\"2025-05-06T12:59:25+00:00\",\"dateModified\":\"2025-06-01T13:41:42+00:00\",\"author\":{\"@id\":\"https:\/\/www.coachwp.fr\/pierre-et-vacances\/#\/schema\/person\/516b0b307fdd461cd0fe72ad583cb866\"},\"description\":\"D\u00e9couvrez comment Pierre & Vacances - Center parcs est devenu un acteur engag\u00e9 pour le local et les territoires avec sa strat\u00e9gie R\u00e9invention\",\"breadcrumb\":{\"@id\":\"https:\/\/www.coachwp.fr\/pierre-et-vacances\/2025\/05\/06\/le-groupe-pvcp-contribution-aux-territoires\/#breadcrumb\"},\"inLanguage\":\"fr-FR\",\"potentialAction\":[{\"@type\":\"ReadAction\",\"target\":[\"https:\/\/www.coachwp.fr\/pierre-et-vacances\/2025\/05\/06\/le-groupe-pvcp-contribution-aux-territoires\/\"]}]},{\"@type\":\"ImageObject\",\"inLanguage\":\"fr-FR\",\"@id\":\"https:\/\/www.coachwp.fr\/pierre-et-vacances\/2025\/05\/06\/le-groupe-pvcp-contribution-aux-territoires\/#primaryimage\",\"url\":\"https:\/\/www.coachwp.fr\/pierre-et-vacances\/wp-content\/uploads\/2025\/05\/Article08.png\",\"contentUrl\":\"https:\/\/www.coachwp.fr\/pierre-et-vacances\/wp-content\/uploads\/2025\/05\/Article08.png\",\"width\":1180,\"height\":350},{\"@type\":\"BreadcrumbList\",\"@id\":\"https:\/\/www.coachwp.fr\/pierre-et-vacances\/2025\/05\/06\/le-groupe-pvcp-contribution-aux-territoires\/#breadcrumb\",\"itemListElement\":[{\"@type\":\"ListItem\",\"position\":1,\"name\":\"Accueil\",\"item\":\"https:\/\/www.coachwp.fr\/pierre-et-vacances\/\"},{\"@type\":\"ListItem\",\"position\":2,\"name\":\"Le groupe PVCP, contribution aux territoires\"}]},{\"@type\":\"WebSite\",\"@id\":\"https:\/\/www.coachwp.fr\/pierre-et-vacances\/#website\",\"url\":\"https:\/\/www.coachwp.fr\/pierre-et-vacances\/\",\"name\":\"Horizons M\u00e9dias\",\"description\":\"Votre source d&#039;information sur le Groupe Pierre &amp; Vacances-Center Parcs\",\"potentialAction\":[{\"@type\":\"SearchAction\",\"target\":{\"@type\":\"EntryPoint\",\"urlTemplate\":\"https:\/\/www.coachwp.fr\/pierre-et-vacances\/?s={search_term_string}\"},\"query-input\":{\"@type\":\"PropertyValueSpecification\",\"valueRequired\":true,\"valueName\":\"search_term_string\"}}],\"inLanguage\":\"fr-FR\"},{\"@type\":\"Person\",\"@id\":\"https:\/\/www.coachwp.fr\/pierre-et-vacances\/#\/schema\/person\/516b0b307fdd461cd0fe72ad583cb866\",\"name\":\"Eug\u00e9nie Vandenbussche\",\"image\":{\"@type\":\"ImageObject\",\"inLanguage\":\"fr-FR\",\"@id\":\"https:\/\/www.coachwp.fr\/pierre-et-vacances\/#\/schema\/person\/image\/\",\"url\":\"https:\/\/secure.gravatar.com\/avatar\/60e06bf5e30227e2ed98623c992c7ba7d6dbed105aebf4fe13256a64de56665e?s=96&d=mm&r=g\",\"contentUrl\":\"https:\/\/secure.gravatar.com\/avatar\/60e06bf5e30227e2ed98623c992c7ba7d6dbed105aebf4fe13256a64de56665e?s=96&d=mm&r=g\",\"caption\":\"Eug\u00e9nie Vandenbussche\"},\"url\":\"https:\/\/www.coachwp.fr\/pierre-et-vacances\/author\/eug-vandenbusschegmail-com\/\"}]}<\/script>\n<!-- \/ Yoast SEO plugin. -->","yoast_head_json":{"title":"Territoires et local : Pierre & Vacances - Center parcs s'engage !","description":"D\u00e9couvrez comment Pierre & Vacances - Center parcs est devenu un acteur engag\u00e9 pour le local et les territoires avec sa strat\u00e9gie R\u00e9invention","robots":{"index":"index","follow":"follow","max-snippet":"max-snippet:-1","max-image-preview":"max-image-preview:large","max-video-preview":"max-video-preview:-1"},"canonical":"https:\/\/www.coachwp.fr\/pierre-et-vacances\/2025\/05\/06\/le-groupe-pvcp-contribution-aux-territoires\/","og_locale":"fr_FR","og_type":"article","og_title":"Territoires et local : Pierre & Vacances - Center parcs s'engage !","og_description":"D\u00e9couvrez comment Pierre & Vacances - Center parcs est devenu un acteur engag\u00e9 pour le local et les territoires avec sa strat\u00e9gie R\u00e9invention","og_url":"https:\/\/www.coachwp.fr\/pierre-et-vacances\/2025\/05\/06\/le-groupe-pvcp-contribution-aux-territoires\/","og_site_name":"Horizons M\u00e9dias","article_published_time":"2025-05-06T12:59:25+00:00","article_modified_time":"2025-06-01T13:41:42+00:00","og_image":[{"width":1180,"height":350,"url":"https:\/\/www.coachwp.fr\/pierre-et-vacances\/wp-content\/uploads\/2025\/05\/Article08.png","type":"image\/png"}],"author":"Eug\u00e9nie Vandenbussche","twitter_card":"summary_large_image","twitter_misc":{"\u00c9crit par":"Eug\u00e9nie Vandenbussche","Dur\u00e9e de lecture estim\u00e9e":"6 minutes"},"schema":{"@context":"https:\/\/schema.org","@graph":[{"@type":"WebPage","@id":"https:\/\/www.coachwp.fr\/pierre-et-vacances\/2025\/05\/06\/le-groupe-pvcp-contribution-aux-territoires\/","url":"https:\/\/www.coachwp.fr\/pierre-et-vacances\/2025\/05\/06\/le-groupe-pvcp-contribution-aux-territoires\/","name":"Territoires et local : Pierre & Vacances - Center parcs s'engage !","isPartOf":{"@id":"https:\/\/www.coachwp.fr\/pierre-et-vacances\/#website"},"primaryImageOfPage":{"@id":"https:\/\/www.coachwp.fr\/pierre-et-vacances\/2025\/05\/06\/le-groupe-pvcp-contribution-aux-territoires\/#primaryimage"},"image":{"@id":"https:\/\/www.coachwp.fr\/pierre-et-vacances\/2025\/05\/06\/le-groupe-pvcp-contribution-aux-territoires\/#primaryimage"},"thumbnailUrl":"https:\/\/www.coachwp.fr\/pierre-et-vacances\/wp-content\/uploads\/2025\/05\/Article08.png","datePublished":"2025-05-06T12:59:25+00:00","dateModified":"2025-06-01T13:41:42+00:00","author":{"@id":"https:\/\/www.coachwp.fr\/pierre-et-vacances\/#\/schema\/person\/516b0b307fdd461cd0fe72ad583cb866"},"description":"D\u00e9couvrez comment Pierre & Vacances - Center parcs est devenu un acteur engag\u00e9 pour le local et les territoires avec sa strat\u00e9gie R\u00e9invention","breadcrumb":{"@id":"https:\/\/www.coachwp.fr\/pierre-et-vacances\/2025\/05\/06\/le-groupe-pvcp-contribution-aux-territoires\/#breadcrumb"},"inLanguage":"fr-FR","potentialAction":[{"@type":"ReadAction","target":["https:\/\/www.coachwp.fr\/pierre-et-vacances\/2025\/05\/06\/le-groupe-pvcp-contribution-aux-territoires\/"]}]},{"@type":"ImageObject","inLanguage":"fr-FR","@id":"https:\/\/www.coachwp.fr\/pierre-et-vacances\/2025\/05\/06\/le-groupe-pvcp-contribution-aux-territoires\/#primaryimage","url":"https:\/\/www.coachwp.fr\/pierre-et-vacances\/wp-content\/uploads\/2025\/05\/Article08.png","contentUrl":"https:\/\/www.coachwp.fr\/pierre-et-vacances\/wp-content\/uploads\/2025\/05\/Article08.png","width":1180,"height":350},{"@type":"BreadcrumbList","@id":"https:\/\/www.coachwp.fr\/pierre-et-vacances\/2025\/05\/06\/le-groupe-pvcp-contribution-aux-territoires\/#breadcrumb","itemListElement":[{"@type":"ListItem","position":1,"name":"Accueil","item":"https:\/\/www.coachwp.fr\/pierre-et-vacances\/"},{"@type":"ListItem","position":2,"name":"Le groupe PVCP, contribution aux territoires"}]},{"@type":"WebSite","@id":"https:\/\/www.coachwp.fr\/pierre-et-vacances\/#website","url":"https:\/\/www.coachwp.fr\/pierre-et-vacances\/","name":"Horizons M\u00e9dias","description":"Votre source d&#039;information sur le Groupe Pierre &amp; Vacances-Center Parcs","potentialAction":[{"@type":"SearchAction","target":{"@type":"EntryPoint","urlTemplate":"https:\/\/www.coachwp.fr\/pierre-et-vacances\/?s={search_term_string}"},"query-input":{"@type":"PropertyValueSpecification","valueRequired":true,"valueName":"search_term_string"}}],"inLanguage":"fr-FR"},{"@type":"Person","@id":"https:\/\/www.coachwp.fr\/pierre-et-vacances\/#\/schema\/person\/516b0b307fdd461cd0fe72ad583cb866","name":"Eug\u00e9nie Vandenbussche","image":{"@type":"ImageObject","inLanguage":"fr-FR","@id":"https:\/\/www.coachwp.fr\/pierre-et-vacances\/#\/schema\/person\/image\/","url":"https:\/\/secure.gravatar.com\/avatar\/60e06bf5e30227e2ed98623c992c7ba7d6dbed105aebf4fe13256a64de56665e?s=96&d=mm&r=g","contentUrl":"https:\/\/secure.gravatar.com\/avatar\/60e06bf5e30227e2ed98623c992c7ba7d6dbed105aebf4fe13256a64de56665e?s=96&d=mm&r=g","caption":"Eug\u00e9nie Vandenbussche"},"url":"https:\/\/www.coachwp.fr\/pierre-et-vacances\/author\/eug-vandenbusschegmail-com\/"}]}},"_links":{"self":[{"href":"https:\/\/www.coachwp.fr\/pierre-et-vacances\/wp-json\/wp\/v2\/posts\/241","targetHints":{"allow":["GET"]}}],"collection":[{"href":"https:\/\/www.coachwp.fr\/pierre-et-vacances\/wp-json\/wp\/v2\/posts"}],"about":[{"href":"https:\/\/www.coachwp.fr\/pierre-et-vacances\/wp-json\/wp\/v2\/types\/post"}],"author":[{"embeddable":true,"href":"https:\/\/www.coachwp.fr\/pierre-et-vacances\/wp-json\/wp\/v2\/users\/4"}],"replies":[{"embeddable":true,"href":"https:\/\/www.coachwp.fr\/pierre-et-vacances\/wp-json\/wp\/v2\/comments?post=241"}],"version-history":[{"count":86,"href":"https:\/\/www.coachwp.fr\/pierre-et-vacances\/wp-json\/wp\/v2\/posts\/241\/revisions"}],"predecessor-version":[{"id":1914,"href":"https:\/\/www.coachwp.fr\/pierre-et-vacances\/wp-json\/wp\/v2\/posts\/241\/revisions\/1914"}],"wp:featuredmedia":[{"embeddable":true,"href":"https:\/\/www.coachwp.fr\/pierre-et-vacances\/wp-json\/wp\/v2\/media\/1790"}],"wp:attachment":[{"href":"https:\/\/www.coachwp.fr\/pierre-et-vacances\/wp-json\/wp\/v2\/media?parent=241"}],"wp:term":[{"taxonomy":"category","embeddable":true,"href":"https:\/\/www.coachwp.fr\/pierre-et-vacances\/wp-json\/wp\/v2\/categories?post=241"},{"taxonomy":"post_tag","embeddable":true,"href":"https:\/\/www.coachwp.fr\/pierre-et-vacances\/wp-json\/wp\/v2\/tags?post=241"}],"curies":[{"name":"wp","href":"https:\/\/api.w.org\/{rel}","templated":true}]}}