{"id":239,"date":"2025-05-06T12:59:12","date_gmt":"2025-05-06T12:59:12","guid":{"rendered":"https:\/\/www.coachwp.fr\/pierre-et-vacances\/?p=239"},"modified":"2025-06-01T13:39:24","modified_gmt":"2025-06-01T13:39:24","slug":"pvcp-reduction-impact-environnemental","status":"publish","type":"post","link":"https:\/\/www.coachwp.fr\/pierre-et-vacances\/2025\/05\/06\/pvcp-reduction-impact-environnemental\/","title":{"rendered":"En r\u00e9duisant son impact environnemental, le Groupe Pierre &amp; Vacances &#8211; Center Parcs veut acc\u00e9l\u00e9rer sa transition \u00e9cologique"},"content":{"rendered":"\n<p class=\"has-text-align-left\" style=\"font-size:16px;font-style:normal;font-weight:500\"><strong>Depuis le lancement de sa strat\u00e9gie <a href=\"https:\/\/www.coachwp.fr\/pierre-et-vacances\/coup-de-projecteur-sur\/\" target=\"_blank\" rel=\"noreferrer noopener\">R\u00e9Invention<\/a>, renforc\u00e9e en 2024 sous l\u2019appellation Beyond R\u00e9Invention, le Groupe PVCP s&rsquo;engage \u00e0 r\u00e9duire son impact environnemental tout en proposant une meilleure exp\u00e9rience \u00e0 ses clients. Parmi ses piliers directeurs, <em><a href=\"https:\/\/www.groupepvcp.com\/groupe\/strategie\/\" target=\"_blank\" rel=\"noreferrer noopener\">\u00ab Agir pour un tourisme de proximit\u00e9 \u00e0 impact positif \u00bb<\/a><\/em> correspond \u00e0 une vision ax\u00e9e sur la durabilit\u00e9 et l\u2019\u00e9co-responsabilit\u00e9. Le Groupe fait d\u00e9j\u00e0 bonne figure en soutenant ce type de tourisme, jusqu\u2019\u00e0 5 fois moins \u00e9metteur de <strong>CO\u2082<\/strong><\/strong> <strong>que le longue distance, n\u00e9anmoins, c\u2019est surtout par la mise en \u0153uvre et le suivi de solutions concr\u00e8tes qu\u2019il souhaite prouver son engagement.&nbsp;<\/strong><\/p>\n\n\n\n<figure class=\"wp-block-image size-large\"><img loading=\"lazy\" decoding=\"async\" width=\"1024\" height=\"304\" src=\"https:\/\/www.coachwp.fr\/pierre-et-vacances\/wp-content\/uploads\/2025\/05\/Article15-1024x304.png\" alt=\"\" class=\"wp-image-1813\" srcset=\"https:\/\/www.coachwp.fr\/pierre-et-vacances\/wp-content\/uploads\/2025\/05\/Article15-1024x304.png 1024w, https:\/\/www.coachwp.fr\/pierre-et-vacances\/wp-content\/uploads\/2025\/05\/Article15-980x291.png 980w, https:\/\/www.coachwp.fr\/pierre-et-vacances\/wp-content\/uploads\/2025\/05\/Article15-480x142.png 480w\" sizes=\"(min-width: 0px) and (max-width: 480px) 480px, (min-width: 481px) and (max-width: 980px) 980px, (min-width: 981px) 1024px, 100vw\" \/><\/figure>\n\n\n\n<h2 class=\"wp-block-heading\">Repenser le tourisme face aux enjeux environnementaux&nbsp;<\/h2>\n\n\n\n<p class=\"has-text-align-left\" style=\"font-size:16px;font-style:normal;font-weight:500\"><a href=\"https:\/\/institut-superieur-environnement.com\/blog\/impact-environnemental-du-tourisme-vers-un-avenir-durable-et-plus-responsable\/\" target=\"_blank\" rel=\"noreferrer noopener\">Responsable d\u2019environ 8% des \u00e9missions de gaz \u00e0 effet de serre mondiales<\/a>, le tourisme a un <strong>impact fort sur l\u2019environnement<\/strong>. Il exerce une pression sur les \u00e9cosyst\u00e8mes, augmente la consommation de ressources dans les r\u00e9gions en difficult\u00e9, d\u00e9t\u00e9riore parfois des sites naturels ou encore accro\u00eet la pollution de l\u2019air. Pourtant, il est aussi un <strong>moteur crucial de croissance \u00e9conomique <\/strong>et g\u00e9n\u00e8re des b\u00e9n\u00e9fices sociaux et culturels.<\/p>\n\n\n\n<p class=\"has-text-align-left\" style=\"font-size:16px;font-style:normal;font-weight:500\">Ainsi, la r\u00e9duction de l&#8217;empreinte environnementale est d\u00e9sormais un <strong>enjeu majeur pour le secteur touristique.<\/strong> Il est devenu indispensable d&rsquo;agir pour un <strong>tourisme plus durable <\/strong>qui s&rsquo;adapte au <strong>changement climatique<\/strong>. Si la r\u00e9flexion et l\u2019engagement restent tr\u00e8s d\u00e9pendants de la <strong>volont\u00e9 des entreprises<\/strong>, celles-ci sont de plus en plus amen\u00e9es \u00e0 les int\u00e9grer au sein de leur<strong> d\u00e9marche RSE<\/strong>.<\/p>\n\n\n\n<h2 class=\"wp-block-heading\">Transition \u00e9nerg\u00e9tique : vers une r\u00e9duction significative des \u00e9missions de <strong>CO\u2082<\/strong><\/h2>\n\n\n\n<p style=\"font-size:16px;font-style:normal;font-weight:500\">La ma\u00eetrise de la <strong>consommation \u00e9nerg\u00e9tique<\/strong> est l\u2019un des premiers angles d\u2019approche du Groupe PVCP pour r\u00e9duire son impact environnemental. Elle entre dans le cadre d\u2019une <strong>trajectoire ambitieuse de d\u00e9carbonation<\/strong> valid\u00e9e en 2023 par l&rsquo;initiative Science Based Targets (SBTi). Celle-ci vise \u00e0 r\u00e9duire, <strong>d&rsquo;ici 2030<\/strong>, les \u00e9missions de gaz \u00e0 effet de serre (GES) du Groupe li\u00e9es \u00e0 la consommation d&rsquo;\u00e9nergie <strong>de 51% par rapport \u00e0 2019<\/strong>. <\/p>\n\n\n\n<p style=\"font-size:16px;font-style:normal;font-weight:500\">Cette r\u00e9duction repose sur plusieurs leviers :<\/p>\n\n\n\n<ul class=\"wp-block-list\">\n<li style=\"font-size:16px;font-style:normal;font-weight:500\">La mise en place de plans de sobri\u00e9t\u00e9 \u00e9nerg\u00e9tique et l&rsquo;am\u00e9lioration de la performance \u00e9nerg\u00e9tique des \u00e9quipements (travaux d\u2019isolation, remplacement des \u00e9clairages\u2026) <a href=\"https:\/\/infos.ademe.fr\/lettre-strategie-juillet-2024\/ladaptation-dans-le-tourisme-zoom-sur-le-groupe-pierre-vacances-center-parcs\/\" target=\"_blank\" rel=\"noreferrer noopener\">avec le soutien de l&rsquo;ADEME<\/a>.<\/li>\n\n\n\n<li style=\"font-size:16px;font-style:normal;font-weight:500\">Le recours accru aux \u00e9nergies renouvelables, avec 29\u202f% des besoins \u00e9nerg\u00e9tiques de Center Parcs couverts par de l&rsquo;\u00e9nergie verte.<\/li>\n\n\n\n<li style=\"font-size:16px;font-style:normal;font-weight:500\">L&rsquo;installation de chaufferies bois, de panneaux solaires et de syst\u00e8mes g\u00e9othermiques sur certains sites.<\/li>\n<\/ul>\n\n\n\n<p style=\"font-size:16px;font-style:normal;font-weight:500\">Le Groupe d\u00e9ploie par ailleurs un <strong>outil de suivi des consommations<\/strong> commun \u00e0 ses deux <a href=\"https:\/\/www.coachwp.fr\/pierre-et-vacances\/activites-marques\/\" target=\"_blank\" rel=\"noreferrer noopener\">marques <\/a>principales (Pierre &amp; Vacances et Center Parcs), afin de faciliter une remont\u00e9e de donn\u00e9es pr\u00e9cises et d\u2019\u00e9valuer l\u2019impact de ses actions.&nbsp;<\/p>\n\n\n\n<h2 class=\"wp-block-heading\">Une orientation nature qui touche \u00e0 la biodiversit\u00e9<\/h2>\n\n\n\n<div class=\"wp-block-columns is-layout-flex wp-container-core-columns-is-layout-9d6595d7 wp-block-columns-is-layout-flex\">\n<div class=\"wp-block-column is-layout-flow wp-block-column-is-layout-flow\">\n<figure class=\"wp-block-image size-full\"><img loading=\"lazy\" decoding=\"async\" width=\"590\" height=\"590\" src=\"https:\/\/www.coachwp.fr\/pierre-et-vacances\/wp-content\/uploads\/2025\/05\/Article14.png\" alt=\"\" class=\"wp-image-1814\" srcset=\"https:\/\/www.coachwp.fr\/pierre-et-vacances\/wp-content\/uploads\/2025\/05\/Article14.png 590w, https:\/\/www.coachwp.fr\/pierre-et-vacances\/wp-content\/uploads\/2025\/05\/Article14-480x480.png 480w\" sizes=\"(min-width: 0px) and (max-width: 480px) 480px, (min-width: 481px) 590px, 100vw\" \/><\/figure>\n<\/div>\n\n\n\n<div class=\"wp-block-column is-layout-flow wp-block-column-is-layout-flow\">\n<p style=\"font-size:16px;font-style:normal;font-weight:500\"><strong>Le Groupe PVCP place la nature au c\u0153ur de ses activit\u00e9s<\/strong>. 90\u202f% des villages natures Center Parcs sont situ\u00e9s en milieu forestier ou aquatique et engendrent ainsi une<strong> pression sur la biodiversit\u00e9<\/strong>. Afin de diagnostiquer ses impacts mais aussi ses d\u00e9pendances vis-\u00e0-vis de la biodiversit\u00e9, le Groupe a cr\u00e9\u00e9 une <strong>feuille de route <\/strong>d\u00e9di\u00e9e en 2021 et d\u00e9fini un <strong>plan d\u2019actions sur cinq ans<\/strong>.<\/p>\n\n\n\n<p style=\"font-size:16px;font-style:normal;font-weight:500\">Pour les \u00e9quipements de la marque Pierre et Vacances, il a mis en place des normes comme l\u2019<strong>interdiction d\u2019utiliser des produits phytosanitaires et des engrais chimiques<\/strong>. Sur les nouveaux projets Center Parcs, un objectif de <strong>z\u00e9ro artificialisation nette<\/strong> des sols sera respect\u00e9. La pr\u00e9servation de la biodiversit\u00e9 passe aussi par la mise en valeur de celle-ci aupr\u00e8s des vacanciers. Le Groupe met un point d\u2019honneur \u00e0 proposer des <strong>exp\u00e9riences nature <\/strong>visant \u00e0 la faire conna\u00eetre.<\/p>\n<\/div>\n<\/div>\n\n\n\n<h2 class=\"wp-block-heading\">Sensibiliser les clients aux gestes respectueux de l&rsquo;environnement<\/h2>\n\n\n\n<p style=\"font-size:16px;font-style:normal;font-weight:500\">Une grande partie du bilan carbone du Groupe PVCP ne d\u00e9pend pas directement de ses infrastructures. Il veut donc <strong>inciter ses clients <\/strong>\u00e0 faire eux-m\u00eames des <strong>choix \u00e9co-responsables <\/strong>en prenant conscience de leur impact environnemental. Pour cela, le Groupe d\u00e9veloppe une <strong>communication <\/strong>bas\u00e9e sur la <strong>labellisation de ses sites<\/strong> et le respect de certifications europ\u00e9ennes. Ses derni\u00e8res ann\u00e9es, il a notamment acc\u00e9l\u00e9r\u00e9 l\u2019obtention du <strong>label international <a href=\"https:\/\/www.laclefverte.org\/\" target=\"_blank\" rel=\"noreferrer noopener\">Clef Verte<\/a><\/strong>, bas\u00e9 sur 120 crit\u00e8res garantissant le respect de l\u2019environnement et des personnes. En 2024, 100% des domaines Center Parcs l\u2019avaient obtenu.<\/p>\n\n\n\n<p style=\"font-size:16px;font-style:normal;font-weight:500\">Sur le plan de la <strong>mobilit\u00e9 des clients<\/strong>, qui repr\u00e9sente <strong>42% des \u00e9missions de son bilan carbone<\/strong>, le Groupe encourage les alternatives \u00e0 la voiture avec des partenariats comme avec le site <a href=\"https:\/\/www.tictactrip.eu\/\" target=\"_blank\" rel=\"noreferrer noopener\">Tictactrip<\/a>.&nbsp;Il d\u00e9ploie aussi de plus en plus de bornes de recharges pour v\u00e9hicules \u00e9lectriques, et des services de location de v\u00e9los.<\/p>\n\n\n\n<div style=\"height:45px\" aria-hidden=\"true\" class=\"wp-block-spacer\"><\/div>\n\n\n\n<h2 class=\"wp-block-heading\">Les ressources consult\u00e9es<\/h2>\n\n\n\n<ul class=\"wp-block-list\">\n<li style=\"font-size:16px\"><a href=\"https:\/\/www.groupepvcp.com\/app\/uploads\/2024\/12\/deu_20dec24-fr.pdf\" target=\"_blank\" rel=\"noreferrer noopener\">Document d\u2019Enregistrement Universel 2023-2024.<\/a>&nbsp;<em>Groupe PVCP<\/em>&nbsp;[en ligne] [consult\u00e9 le 19 mai 2025].<\/li>\n\n\n\n<li style=\"font-size:16px\"><a href=\"https:\/\/institut-superieur-environnement.com\/blog\/impact-environnemental-du-tourisme-vers-un-avenir-durable-et-plus-responsable\/\" target=\"_blank\" rel=\"noreferrer noopener\">Impact environnemental du tourisme : vers un avenir durable et plus responsable<\/a>. <em>Institut Sup\u00e9rieur de l&rsquo;Environnement<\/em>, 2024 [en ligne] [consult\u00e9 le 19 mai 2025].<\/li>\n\n\n\n<li style=\"font-size:16px\"><a href=\"https:\/\/infos.ademe.fr\/lettre-strategie-juillet-2024\/ladaptation-dans-le-tourisme-zoom-sur-le-groupe-pierre-vacances-center-parcs\/\" target=\"_blank\" rel=\"noreferrer noopener\">L\u2019adaptation dans le tourisme, zoom sur le Groupe Pierre &amp; Vacances Center Parcs<\/a>. <em>ADEME Infos<\/em> [en ligne] [consult\u00e9 le 19 mai 2025].<\/li>\n\n\n\n<li style=\"font-size:16px\"><a href=\"https:\/\/www.groupepvcp.com\/engagement\/tourisme-impact-positif\/\" target=\"_blank\" rel=\"noreferrer noopener\">Nous agissons pour un tourisme positif<\/a>. <em>Groupe PVCP<\/em> [en ligne] [consult\u00e9 le 19 mai 2025].<\/li>\n\n\n\n<li style=\"font-size:16px\"><a href=\"https:\/\/www.tendancehotellerie.fr\/articles-breves\/communique-de-presse\/19038-article\/pierre-vacances-s-engage-dans-la-reduction-de-ses-emissions-en-exploitation-pour-des-vacances-bas-carbone\" target=\"_blank\" rel=\"noreferrer noopener\">Pierre &amp; Vacances s&rsquo;engage dans la r\u00e9duction de ses \u00e9missions en exploitation pour des vacances bas carbone<\/a>. <em>Tendance Hotellerie<\/em>, 2023 [en ligne] [consult\u00e9 le 19 mai 2025].<\/li>\n\n\n\n<li style=\"font-size:16px\">POMMIER Romain. <a href=\"https:\/\/www.voyagesresponsables.com\/actualites\/tourisme-durable-comment-pierre-vacances-va-reduire-ses-emissions-de-co2-a7032\/\" target=\"_blank\" rel=\"noreferrer noopener\">Tourisme durable : Comment Pierre &amp; Vacances va r\u00e9duire ses \u00e9missions de CO2 ?<\/a> <em>Voyages Responsables<\/em>, 2023 [en ligne] [consult\u00e9 le 19 mai 2025].<\/li>\n\n\n\n<li style=\"font-size:16px\"><a href=\"https:\/\/www.pierreetvacances.com\/fr-fr\/developpement-durable_ms\" target=\"_blank\" rel=\"noreferrer noopener\">Pour des vacances locales bas carbone<\/a>. <em>Pierre &amp; Vacances<\/em> [en ligne] [consult\u00e9 le 19 mai 2025].<\/li>\n<\/ul>\n","protected":false},"excerpt":{"rendered":"<p>Depuis le lancement de sa strat\u00e9gie R\u00e9Invention, renforc\u00e9e en 2024 sous l\u2019appellation Beyond R\u00e9Invention, le Groupe PVCP s&rsquo;engage \u00e0 r\u00e9duire son impact environnemental tout en proposant une meilleure exp\u00e9rience \u00e0 ses clients. Parmi ses piliers directeurs, \u00ab Agir pour un tourisme de proximit\u00e9 \u00e0 impact positif \u00bb correspond \u00e0 une vision ax\u00e9e sur la durabilit\u00e9 [&hellip;]<\/p>\n","protected":false},"author":5,"featured_media":1784,"comment_status":"open","ping_status":"open","sticky":false,"template":"","format":"standard","meta":{"_et_pb_use_builder":"off","_et_pb_old_content":"","_et_gb_content_width":"","footnotes":""},"categories":[9],"tags":[],"class_list":["post-239","post","type-post","status-publish","format-standard","has-post-thumbnail","hentry","category-la-strategie-reinvention"],"yoast_head":"<!-- This site is optimized with the Yoast SEO plugin v25.2 - https:\/\/yoast.com\/wordpress\/plugins\/seo\/ -->\n<title>En r\u00e9duisant son impact environnemental, le Groupe Pierre &amp; Vacances - Center Parcs veut acc\u00e9l\u00e9rer sa transition \u00e9cologique - Horizons M\u00e9dias<\/title>\n<meta name=\"description\" content=\"Le Groupe PVCP ambitionne de r\u00e9duire son impact environnemental et a mis en place des plans d&#039;actions pour op\u00e9rer sa transition \u00e9cologique.\" \/>\n<meta name=\"robots\" content=\"index, follow, max-snippet:-1, max-image-preview:large, max-video-preview:-1\" \/>\n<link rel=\"canonical\" href=\"https:\/\/www.coachwp.fr\/pierre-et-vacances\/2025\/05\/06\/pvcp-reduction-impact-environnemental\/\" \/>\n<meta property=\"og:locale\" content=\"fr_FR\" \/>\n<meta property=\"og:type\" content=\"article\" \/>\n<meta property=\"og:title\" content=\"En r\u00e9duisant son impact environnemental, le Groupe Pierre &amp; Vacances - Center Parcs veut acc\u00e9l\u00e9rer sa transition \u00e9cologique - Horizons M\u00e9dias\" \/>\n<meta property=\"og:description\" content=\"Le Groupe PVCP ambitionne de r\u00e9duire son impact environnemental et a mis en place des plans d&#039;actions pour op\u00e9rer sa transition \u00e9cologique.\" \/>\n<meta property=\"og:url\" content=\"https:\/\/www.coachwp.fr\/pierre-et-vacances\/2025\/05\/06\/pvcp-reduction-impact-environnemental\/\" \/>\n<meta property=\"og:site_name\" content=\"Horizons M\u00e9dias\" \/>\n<meta property=\"article:published_time\" content=\"2025-05-06T12:59:12+00:00\" \/>\n<meta property=\"article:modified_time\" content=\"2025-06-01T13:39:24+00:00\" \/>\n<meta property=\"og:image\" content=\"https:\/\/www.coachwp.fr\/pierre-et-vacances\/wp-content\/uploads\/2025\/05\/Article05.png\" \/>\n\t<meta property=\"og:image:width\" content=\"1180\" \/>\n\t<meta property=\"og:image:height\" content=\"350\" \/>\n\t<meta property=\"og:image:type\" content=\"image\/png\" \/>\n<meta name=\"author\" content=\"Maxime Bouffet\" \/>\n<meta name=\"twitter:card\" content=\"summary_large_image\" \/>\n<meta name=\"twitter:label1\" content=\"\u00c9crit par\" \/>\n\t<meta name=\"twitter:data1\" content=\"Maxime Bouffet\" \/>\n\t<meta name=\"twitter:label2\" content=\"Dur\u00e9e de lecture estim\u00e9e\" \/>\n\t<meta name=\"twitter:data2\" content=\"5 minutes\" \/>\n<script type=\"application\/ld+json\" class=\"yoast-schema-graph\">{\"@context\":\"https:\/\/schema.org\",\"@graph\":[{\"@type\":\"WebPage\",\"@id\":\"https:\/\/www.coachwp.fr\/pierre-et-vacances\/2025\/05\/06\/pvcp-reduction-impact-environnemental\/\",\"url\":\"https:\/\/www.coachwp.fr\/pierre-et-vacances\/2025\/05\/06\/pvcp-reduction-impact-environnemental\/\",\"name\":\"En r\u00e9duisant son impact environnemental, le Groupe Pierre &amp; Vacances - Center Parcs veut acc\u00e9l\u00e9rer sa transition \u00e9cologique - Horizons M\u00e9dias\",\"isPartOf\":{\"@id\":\"https:\/\/www.coachwp.fr\/pierre-et-vacances\/#website\"},\"primaryImageOfPage\":{\"@id\":\"https:\/\/www.coachwp.fr\/pierre-et-vacances\/2025\/05\/06\/pvcp-reduction-impact-environnemental\/#primaryimage\"},\"image\":{\"@id\":\"https:\/\/www.coachwp.fr\/pierre-et-vacances\/2025\/05\/06\/pvcp-reduction-impact-environnemental\/#primaryimage\"},\"thumbnailUrl\":\"https:\/\/www.coachwp.fr\/pierre-et-vacances\/wp-content\/uploads\/2025\/05\/Article05.png\",\"datePublished\":\"2025-05-06T12:59:12+00:00\",\"dateModified\":\"2025-06-01T13:39:24+00:00\",\"author\":{\"@id\":\"https:\/\/www.coachwp.fr\/pierre-et-vacances\/#\/schema\/person\/52d03f3c90e8dc4f61c176f33c17b1ff\"},\"description\":\"Le Groupe PVCP ambitionne de r\u00e9duire son impact environnemental et a mis en place des plans d'actions pour op\u00e9rer sa transition \u00e9cologique.\",\"breadcrumb\":{\"@id\":\"https:\/\/www.coachwp.fr\/pierre-et-vacances\/2025\/05\/06\/pvcp-reduction-impact-environnemental\/#breadcrumb\"},\"inLanguage\":\"fr-FR\",\"potentialAction\":[{\"@type\":\"ReadAction\",\"target\":[\"https:\/\/www.coachwp.fr\/pierre-et-vacances\/2025\/05\/06\/pvcp-reduction-impact-environnemental\/\"]}]},{\"@type\":\"ImageObject\",\"inLanguage\":\"fr-FR\",\"@id\":\"https:\/\/www.coachwp.fr\/pierre-et-vacances\/2025\/05\/06\/pvcp-reduction-impact-environnemental\/#primaryimage\",\"url\":\"https:\/\/www.coachwp.fr\/pierre-et-vacances\/wp-content\/uploads\/2025\/05\/Article05.png\",\"contentUrl\":\"https:\/\/www.coachwp.fr\/pierre-et-vacances\/wp-content\/uploads\/2025\/05\/Article05.png\",\"width\":1180,\"height\":350},{\"@type\":\"BreadcrumbList\",\"@id\":\"https:\/\/www.coachwp.fr\/pierre-et-vacances\/2025\/05\/06\/pvcp-reduction-impact-environnemental\/#breadcrumb\",\"itemListElement\":[{\"@type\":\"ListItem\",\"position\":1,\"name\":\"Accueil\",\"item\":\"https:\/\/www.coachwp.fr\/pierre-et-vacances\/\"},{\"@type\":\"ListItem\",\"position\":2,\"name\":\"En r\u00e9duisant son impact environnemental, le Groupe Pierre &amp; Vacances &#8211; Center Parcs veut acc\u00e9l\u00e9rer sa transition \u00e9cologique\"}]},{\"@type\":\"WebSite\",\"@id\":\"https:\/\/www.coachwp.fr\/pierre-et-vacances\/#website\",\"url\":\"https:\/\/www.coachwp.fr\/pierre-et-vacances\/\",\"name\":\"Horizons M\u00e9dias\",\"description\":\"Votre source d&#039;information sur le Groupe Pierre &amp; Vacances-Center Parcs\",\"potentialAction\":[{\"@type\":\"SearchAction\",\"target\":{\"@type\":\"EntryPoint\",\"urlTemplate\":\"https:\/\/www.coachwp.fr\/pierre-et-vacances\/?s={search_term_string}\"},\"query-input\":{\"@type\":\"PropertyValueSpecification\",\"valueRequired\":true,\"valueName\":\"search_term_string\"}}],\"inLanguage\":\"fr-FR\"},{\"@type\":\"Person\",\"@id\":\"https:\/\/www.coachwp.fr\/pierre-et-vacances\/#\/schema\/person\/52d03f3c90e8dc4f61c176f33c17b1ff\",\"name\":\"Maxime Bouffet\",\"image\":{\"@type\":\"ImageObject\",\"inLanguage\":\"fr-FR\",\"@id\":\"https:\/\/www.coachwp.fr\/pierre-et-vacances\/#\/schema\/person\/image\/\",\"url\":\"https:\/\/secure.gravatar.com\/avatar\/e3596f9671a29ceccddd62490c79d2858acd2fc3961de469dff24887b5cf4a2e?s=96&d=mm&r=g\",\"contentUrl\":\"https:\/\/secure.gravatar.com\/avatar\/e3596f9671a29ceccddd62490c79d2858acd2fc3961de469dff24887b5cf4a2e?s=96&d=mm&r=g\",\"caption\":\"Maxime Bouffet\"},\"url\":\"https:\/\/www.coachwp.fr\/pierre-et-vacances\/author\/maxime-bouffet1gmail-com\/\"}]}<\/script>\n<!-- \/ Yoast SEO plugin. -->","yoast_head_json":{"title":"En r\u00e9duisant son impact environnemental, le Groupe Pierre &amp; Vacances - Center Parcs veut acc\u00e9l\u00e9rer sa transition \u00e9cologique - Horizons M\u00e9dias","description":"Le Groupe PVCP ambitionne de r\u00e9duire son impact environnemental et a mis en place des plans d'actions pour op\u00e9rer sa transition \u00e9cologique.","robots":{"index":"index","follow":"follow","max-snippet":"max-snippet:-1","max-image-preview":"max-image-preview:large","max-video-preview":"max-video-preview:-1"},"canonical":"https:\/\/www.coachwp.fr\/pierre-et-vacances\/2025\/05\/06\/pvcp-reduction-impact-environnemental\/","og_locale":"fr_FR","og_type":"article","og_title":"En r\u00e9duisant son impact environnemental, le Groupe Pierre &amp; Vacances - Center Parcs veut acc\u00e9l\u00e9rer sa transition \u00e9cologique - Horizons M\u00e9dias","og_description":"Le Groupe PVCP ambitionne de r\u00e9duire son impact environnemental et a mis en place des plans d'actions pour op\u00e9rer sa transition \u00e9cologique.","og_url":"https:\/\/www.coachwp.fr\/pierre-et-vacances\/2025\/05\/06\/pvcp-reduction-impact-environnemental\/","og_site_name":"Horizons M\u00e9dias","article_published_time":"2025-05-06T12:59:12+00:00","article_modified_time":"2025-06-01T13:39:24+00:00","og_image":[{"width":1180,"height":350,"url":"https:\/\/www.coachwp.fr\/pierre-et-vacances\/wp-content\/uploads\/2025\/05\/Article05.png","type":"image\/png"}],"author":"Maxime Bouffet","twitter_card":"summary_large_image","twitter_misc":{"\u00c9crit par":"Maxime Bouffet","Dur\u00e9e de lecture estim\u00e9e":"5 minutes"},"schema":{"@context":"https:\/\/schema.org","@graph":[{"@type":"WebPage","@id":"https:\/\/www.coachwp.fr\/pierre-et-vacances\/2025\/05\/06\/pvcp-reduction-impact-environnemental\/","url":"https:\/\/www.coachwp.fr\/pierre-et-vacances\/2025\/05\/06\/pvcp-reduction-impact-environnemental\/","name":"En r\u00e9duisant son impact environnemental, le Groupe Pierre &amp; Vacances - Center Parcs veut acc\u00e9l\u00e9rer sa transition \u00e9cologique - Horizons M\u00e9dias","isPartOf":{"@id":"https:\/\/www.coachwp.fr\/pierre-et-vacances\/#website"},"primaryImageOfPage":{"@id":"https:\/\/www.coachwp.fr\/pierre-et-vacances\/2025\/05\/06\/pvcp-reduction-impact-environnemental\/#primaryimage"},"image":{"@id":"https:\/\/www.coachwp.fr\/pierre-et-vacances\/2025\/05\/06\/pvcp-reduction-impact-environnemental\/#primaryimage"},"thumbnailUrl":"https:\/\/www.coachwp.fr\/pierre-et-vacances\/wp-content\/uploads\/2025\/05\/Article05.png","datePublished":"2025-05-06T12:59:12+00:00","dateModified":"2025-06-01T13:39:24+00:00","author":{"@id":"https:\/\/www.coachwp.fr\/pierre-et-vacances\/#\/schema\/person\/52d03f3c90e8dc4f61c176f33c17b1ff"},"description":"Le Groupe PVCP ambitionne de r\u00e9duire son impact environnemental et a mis en place des plans d'actions pour op\u00e9rer sa transition \u00e9cologique.","breadcrumb":{"@id":"https:\/\/www.coachwp.fr\/pierre-et-vacances\/2025\/05\/06\/pvcp-reduction-impact-environnemental\/#breadcrumb"},"inLanguage":"fr-FR","potentialAction":[{"@type":"ReadAction","target":["https:\/\/www.coachwp.fr\/pierre-et-vacances\/2025\/05\/06\/pvcp-reduction-impact-environnemental\/"]}]},{"@type":"ImageObject","inLanguage":"fr-FR","@id":"https:\/\/www.coachwp.fr\/pierre-et-vacances\/2025\/05\/06\/pvcp-reduction-impact-environnemental\/#primaryimage","url":"https:\/\/www.coachwp.fr\/pierre-et-vacances\/wp-content\/uploads\/2025\/05\/Article05.png","contentUrl":"https:\/\/www.coachwp.fr\/pierre-et-vacances\/wp-content\/uploads\/2025\/05\/Article05.png","width":1180,"height":350},{"@type":"BreadcrumbList","@id":"https:\/\/www.coachwp.fr\/pierre-et-vacances\/2025\/05\/06\/pvcp-reduction-impact-environnemental\/#breadcrumb","itemListElement":[{"@type":"ListItem","position":1,"name":"Accueil","item":"https:\/\/www.coachwp.fr\/pierre-et-vacances\/"},{"@type":"ListItem","position":2,"name":"En r\u00e9duisant son impact environnemental, le Groupe Pierre &amp; Vacances &#8211; Center Parcs veut acc\u00e9l\u00e9rer sa transition \u00e9cologique"}]},{"@type":"WebSite","@id":"https:\/\/www.coachwp.fr\/pierre-et-vacances\/#website","url":"https:\/\/www.coachwp.fr\/pierre-et-vacances\/","name":"Horizons M\u00e9dias","description":"Votre source d&#039;information sur le Groupe Pierre &amp; Vacances-Center Parcs","potentialAction":[{"@type":"SearchAction","target":{"@type":"EntryPoint","urlTemplate":"https:\/\/www.coachwp.fr\/pierre-et-vacances\/?s={search_term_string}"},"query-input":{"@type":"PropertyValueSpecification","valueRequired":true,"valueName":"search_term_string"}}],"inLanguage":"fr-FR"},{"@type":"Person","@id":"https:\/\/www.coachwp.fr\/pierre-et-vacances\/#\/schema\/person\/52d03f3c90e8dc4f61c176f33c17b1ff","name":"Maxime Bouffet","image":{"@type":"ImageObject","inLanguage":"fr-FR","@id":"https:\/\/www.coachwp.fr\/pierre-et-vacances\/#\/schema\/person\/image\/","url":"https:\/\/secure.gravatar.com\/avatar\/e3596f9671a29ceccddd62490c79d2858acd2fc3961de469dff24887b5cf4a2e?s=96&d=mm&r=g","contentUrl":"https:\/\/secure.gravatar.com\/avatar\/e3596f9671a29ceccddd62490c79d2858acd2fc3961de469dff24887b5cf4a2e?s=96&d=mm&r=g","caption":"Maxime Bouffet"},"url":"https:\/\/www.coachwp.fr\/pierre-et-vacances\/author\/maxime-bouffet1gmail-com\/"}]}},"_links":{"self":[{"href":"https:\/\/www.coachwp.fr\/pierre-et-vacances\/wp-json\/wp\/v2\/posts\/239","targetHints":{"allow":["GET"]}}],"collection":[{"href":"https:\/\/www.coachwp.fr\/pierre-et-vacances\/wp-json\/wp\/v2\/posts"}],"about":[{"href":"https:\/\/www.coachwp.fr\/pierre-et-vacances\/wp-json\/wp\/v2\/types\/post"}],"author":[{"embeddable":true,"href":"https:\/\/www.coachwp.fr\/pierre-et-vacances\/wp-json\/wp\/v2\/users\/5"}],"replies":[{"embeddable":true,"href":"https:\/\/www.coachwp.fr\/pierre-et-vacances\/wp-json\/wp\/v2\/comments?post=239"}],"version-history":[{"count":65,"href":"https:\/\/www.coachwp.fr\/pierre-et-vacances\/wp-json\/wp\/v2\/posts\/239\/revisions"}],"predecessor-version":[{"id":1912,"href":"https:\/\/www.coachwp.fr\/pierre-et-vacances\/wp-json\/wp\/v2\/posts\/239\/revisions\/1912"}],"wp:featuredmedia":[{"embeddable":true,"href":"https:\/\/www.coachwp.fr\/pierre-et-vacances\/wp-json\/wp\/v2\/media\/1784"}],"wp:attachment":[{"href":"https:\/\/www.coachwp.fr\/pierre-et-vacances\/wp-json\/wp\/v2\/media?parent=239"}],"wp:term":[{"taxonomy":"category","embeddable":true,"href":"https:\/\/www.coachwp.fr\/pierre-et-vacances\/wp-json\/wp\/v2\/categories?post=239"},{"taxonomy":"post_tag","embeddable":true,"href":"https:\/\/www.coachwp.fr\/pierre-et-vacances\/wp-json\/wp\/v2\/tags?post=239"}],"curies":[{"name":"wp","href":"https:\/\/api.w.org\/{rel}","templated":true}]}}