{"id":319,"date":"2025-05-12T09:36:35","date_gmt":"2025-05-12T09:36:35","guid":{"rendered":"https:\/\/www.coachwp.fr\/l-oreal\/?p=319"},"modified":"2025-06-01T13:53:40","modified_gmt":"2025-06-01T13:53:40","slug":"loreal-sengage-pour-lenvironnement","status":"publish","type":"post","link":"https:\/\/www.coachwp.fr\/l-oreal\/2025\/05\/12\/loreal-sengage-pour-lenvironnement\/","title":{"rendered":"L&rsquo;Or\u00e9al s&rsquo;engage pour l&rsquo;environnement"},"content":{"rendered":"<p>[et_pb_section admin_label=&nbsp;&raquo;section&nbsp;&raquo;]\n\t\t\t[et_pb_row admin_label=&nbsp;&raquo;row&nbsp;&raquo;]\n\t\t\t\t[et_pb_column type=&nbsp;&raquo;4_4&Prime;][et_pb_text admin_label=&nbsp;&raquo;Text&nbsp;&raquo;]\n<\/p><p style=\"font-size:15px\">L&rsquo;Or&eacute;al s&rsquo;engage pour l&rsquo;environnement &agrave; travers plusieurs actions concr&egrave;tes : <span class=\"glossaryLink\"  aria-describedby=\"tt\"  data-cmtooltip=\"cmtt_1b78feb8f2b86a167c14c63381249d3a\"  data-gt-translate-attributes='[{\"attribute\":\"data-cmtooltip\", \"format\":\"html\"}]'  tabindex='0' role='link'>chimie verte<\/span>, emballages durables, r&eacute;duction de la consommation d&rsquo;eau ou encore baisse des &eacute;missions de gaz &agrave; effet de serre. Mais malgr&eacute; ces efforts, certaines pratiques posent encore question.<\/p>\n\n\n\n<p style=\"font-size:15px\"><\/p>\n\n\n\n<figure class=\"wp-block-image aligncenter size-full is-resized\"><img loading=\"lazy\" decoding=\"async\" width=\"1600\" height=\"953\" src=\"https:\/\/www.coachwp.fr\/l-oreal\/wp-content\/uploads\/2025\/05\/01_igfr7hd4.jpg\" alt=\"bird's eye view photograph of green mountains\" class=\"wp-image-4171\" style=\"width:779px;height:auto\" srcset=\"https:\/\/www.coachwp.fr\/l-oreal\/wp-content\/uploads\/2025\/05\/01_igfr7hd4.jpg 1600w, https:\/\/www.coachwp.fr\/l-oreal\/wp-content\/uploads\/2025\/05\/01_igfr7hd4-1280x762.jpg 1280w, https:\/\/www.coachwp.fr\/l-oreal\/wp-content\/uploads\/2025\/05\/01_igfr7hd4-980x584.jpg 980w, https:\/\/www.coachwp.fr\/l-oreal\/wp-content\/uploads\/2025\/05\/01_igfr7hd4-480x286.jpg 480w\" sizes=\"(min-width: 0px) and (max-width: 480px) 480px, (min-width: 481px) and (max-width: 980px) 980px, (min-width: 981px) and (max-width: 1280px) 1280px, (min-width: 1281px) 1600px, 100vw\"\/><\/figure>\n\n\n\n<div style=\"height:11px\" aria-hidden=\"true\" class=\"wp-block-spacer\"><\/div>\n\n\n\n<details class=\"wp-block-details is-layout-flow wp-block-details-is-layout-flow\" style=\"font-size:15px\"><summary><strong>Remplacer la p&eacute;trochimie par la <span class=\"glossaryLink\"  aria-describedby=\"tt\"  data-cmtooltip=\"cmtt_1b78feb8f2b86a167c14c63381249d3a\"  data-gt-translate-attributes='[{\"attribute\":\"data-cmtooltip\", \"format\":\"html\"}]'  tabindex='0' role='link'>chimie verte<\/span><\/strong> <\/summary>\n<h2 class=\"wp-block-heading has-white-color has-text-color has-link-color wp-elements-23062e4910c2093ddeb0ae342010a516\">Remplacer la p&eacute;trochimie par la <\/h2>\n\n\n\n<p>L&rsquo;un des premiers enjeux pour L&rsquo;Or&eacute;al est de remplacer les <a href=\"https:\/\/www.coachwp.fr\/l-oreal\/glossaire#solvant\" target=\"_blank\" rel=\"noreferrer noopener\"><span class=\"glossaryLink\"  aria-describedby=\"tt\"  data-cmtooltip=\"cmtt_dcfa19d2cab0b4f702f0193299da5920\"  data-gt-translate-attributes='[{\"attribute\":\"data-cmtooltip\", \"format\":\"html\"}]'  tabindex='0' role='link'>solvants<\/span><\/a> et les<a href=\"https:\/\/www.coachwp.fr\/l-oreal\/glossaire#composearomatique\"> <\/a><a href=\"https:\/\/www.coachwp.fr\/l-oreal\/glossaire#composearomatique\" target=\"_blank\" rel=\"noreferrer noopener\"><span class=\"glossaryLink\"  aria-describedby=\"tt\"  data-cmtooltip=\"cmtt_67b47e1b4571a0601538500fae4758b3\"  data-gt-translate-attributes='[{\"attribute\":\"data-cmtooltip\", \"format\":\"html\"}]'  tabindex='0' role='link'>compos&eacute;s aromatiques<\/span><\/a>. Ces substances, largement utilis&eacute;es dans la <a href=\"https:\/\/www.coachwp.fr\/l-oreal\/glossaire#chimiecosmetiqueclassique\" target=\"_blank\" rel=\"noreferrer noopener\"><span class=\"glossaryLink\"  aria-describedby=\"tt\"  data-cmtooltip=\"cmtt_18a4cfa5d3ba869df3313c7d48f4ec5c\"  data-gt-translate-attributes='[{\"attribute\":\"data-cmtooltip\", \"format\":\"html\"}]'  tabindex='0' role='link'>chimie cosm&eacute;tique<\/span><\/a> classique, sont issues de la p&eacute;trochimie et sont souvent toxiques et polluantes. Face &agrave; ce d&eacute;fi, L&rsquo;Or&eacute;al mise sur les principes de la <span class=\"glossaryLink\"  aria-describedby=\"tt\"  data-cmtooltip=\"cmtt_1b78feb8f2b86a167c14c63381249d3a\"  data-gt-translate-attributes='[{\"attribute\":\"data-cmtooltip\", \"format\":\"html\"}]'  tabindex='0' role='link'>chimie verte<\/span>, apparue dans les ann&eacute;es 1990, qui promeut l&rsquo;utilisation de mati&egrave;res premi&egrave;res renouvelables et de proc&eacute;d&eacute;s plus respectueux de l&rsquo;environnement.<\/p>\n\n\n\n<p>Dans cette d&eacute;marche, l&rsquo;entreprise d&eacute;veloppe notamment des m&eacute;thodes alternatives d&rsquo;<a href=\"https:\/\/www.coachwp.fr\/l-oreal\/glossaire#extractiondemolecule\" target=\"_blank\" rel=\"noreferrer noopener\"><span class=\"glossaryLink\"  aria-describedby=\"tt\"  data-cmtooltip=\"cmtt_72cc8bcda4c7c785052313dcdaa480a3\"  data-gt-translate-attributes='[{\"attribute\":\"data-cmtooltip\", \"format\":\"html\"}]'  tabindex='0' role='link'>extraction des mol&eacute;cules<\/span><\/a> afin d&rsquo;&eacute;viter le recours aux <a href=\"https:\/\/www.coachwp.fr\/l-oreal\/glossaire#solvantorganique\" target=\"_blank\" rel=\"noreferrer noopener\"><span class=\"glossaryLink\"  aria-describedby=\"tt\"  data-cmtooltip=\"cmtt_dfa0f38ac260e5e930378c1cd5e26780\"  data-gt-translate-attributes='[{\"attribute\":\"data-cmtooltip\", \"format\":\"html\"}]'  tabindex='0' role='link'>solvants organiques<\/span><\/a>. Par exemple, l&rsquo;extraction au <span class=\"glossaryLink\"  aria-describedby=\"tt\"  data-cmtooltip=\"cmtt_26534d867c197e72acfffde5914fd8c4\"  data-gt-translate-attributes='[{\"attribute\":\"data-cmtooltip\", \"format\":\"html\"}]'  tabindex='0' role='link'>CO&#8322; supercritique<\/span>, utilis&eacute;e pour capter les <span class=\"glossaryLink\"  aria-describedby=\"tt\"  data-cmtooltip=\"cmtt_67b47e1b4571a0601538500fae4758b3\"  data-gt-translate-attributes='[{\"attribute\":\"data-cmtooltip\", \"format\":\"html\"}]'  tabindex='0' role='link'>compos&eacute;s aromatiques<\/span> des p&eacute;tales de rose dans la gamme Lanc&ocirc;me Absolue, est un proc&eacute;d&eacute; &eacute;cologique : il exploite un gaz naturel non toxique, recyclable, et limite l&rsquo;impact environnemental.<\/p>\n\n\n\n<p>Toujours dans une d&eacute;marche de <span class=\"glossaryLink\"  aria-describedby=\"tt\"  data-cmtooltip=\"cmtt_1b78feb8f2b86a167c14c63381249d3a\"  data-gt-translate-attributes='[{\"attribute\":\"data-cmtooltip\", \"format\":\"html\"}]'  tabindex='0' role='link'>chimie verte<\/span>, L&rsquo;Or&eacute;al d&eacute;veloppe des alternatives aux proc&eacute;d&eacute;s traditionnels de fabrication des produits cosm&eacute;tiques. Par exemple, le <a href=\"https:\/\/www.coachwp.fr\/l-oreal\/glossaire#proxylane\" target=\"_blank\" rel=\"noreferrer noopener\"><span class=\"glossaryLink\"  aria-describedby=\"tt\"  data-cmtooltip=\"cmtt_290b84ddd93e3a0621d06c5ba0b274cd\"  data-gt-translate-attributes='[{\"attribute\":\"data-cmtooltip\", \"format\":\"html\"}]'  tabindex='0' role='link'>proxylane<\/span><\/a>, un actif anti-&acirc;ge pr&eacute;sent dans plusieurs cr&egrave;mes, est <a href=\"https:\/\/www.coachwp.fr\/l-oreal\/glossaire#fabrication\" target=\"_blank\" rel=\"noreferrer noopener\"><span class=\"glossaryLink\"  aria-describedby=\"tt\"  data-cmtooltip=\"cmtt_9cd2dc46dd81d08b3b9c8d63a733f5b6\"  data-gt-translate-attributes='[{\"attribute\":\"data-cmtooltip\", \"format\":\"html\"}]'  tabindex='0' role='link'>synth&eacute;tis&eacute;<\/span><\/a> &agrave; partir de xylose, un sucre d&rsquo;origine v&eacute;g&eacute;tale. Ce proc&eacute;d&eacute;, plus respectueux de l&rsquo;environnement, utilise uniquement de l&rsquo;eau comme solvant, &eacute;vitant ainsi les <span class=\"glossaryLink\"  aria-describedby=\"tt\"  data-cmtooltip=\"cmtt_dcfa19d2cab0b4f702f0193299da5920\"  data-gt-translate-attributes='[{\"attribute\":\"data-cmtooltip\", \"format\":\"html\"}]'  tabindex='0' role='link'>solvants<\/span> nocifs.<\/p>\n\n\n\n<p>Un autre exemple&nbsp;concerne l&rsquo;<a href=\"https:\/\/www.coachwp.fr\/l-oreal\/glossaire#isododecane\" target=\"_blank\" rel=\"noreferrer noopener\"><span class=\"glossaryLink\"  aria-describedby=\"tt\"  data-cmtooltip=\"cmtt_f538ed49dcdba2d05720ce1194a43699\"  data-gt-translate-attributes='[{\"attribute\":\"data-cmtooltip\", \"format\":\"html\"}]'  tabindex='0' role='link'>isodod&eacute;cane<\/span><\/a>, utilis&eacute; dans certains soins capillaires et produits de maquillage. Dans sa version durable, sa production provient alors de r&eacute;sidus de m&eacute;lasse, un sous-produit de la transformation du sucre de betterave. Cette valorisation de d&eacute;chets agricoles r&eacute;duit le recours au p&eacute;trole.<\/p>\n\n\n\n<p>Enfin, des ingr&eacute;dients d&rsquo;origine naturelle comme l&rsquo;huile d&rsquo;avocat ou le beurre de karit&eacute; permettent de remplacer certaines fonctions assur&eacute;es traditionnellement par les <a href=\"https:\/\/www.coachwp.fr\/l-oreal\/glossaire#sulfate\" target=\"_blank\" rel=\"noreferrer noopener\"><span class=\"glossaryLink\"  aria-describedby=\"tt\"  data-cmtooltip=\"cmtt_448a9e1e2bba324e54a7b2a68b936a12\"  data-gt-translate-attributes='[{\"attribute\":\"data-cmtooltip\", \"format\":\"html\"}]'  tabindex='0' role='link'>sulfates<\/span><\/a> et les <a href=\"https:\/\/www.coachwp.fr\/l-oreal\/glossaire#silicone\" target=\"_blank\" rel=\"noreferrer noopener\"><span class=\"glossaryLink\"  aria-describedby=\"tt\"  data-cmtooltip=\"cmtt_40cbc4f79d1867cfee2a5afc6a02a179\"  data-gt-translate-attributes='[{\"attribute\":\"data-cmtooltip\", \"format\":\"html\"}]'  tabindex='0' role='link'>silicones<\/span><\/a>, en particulier dans les shampoings de la gamme Redken. Ces solutions sont plus durables pour l&rsquo;environnement.<\/p>\n\n\n\n<div style=\"height:37px\" aria-hidden=\"true\" class=\"wp-block-spacer\"><\/div>\n\n\n\n<div class=\"wp-block-buttons is-content-justification-center is-layout-flex wp-container-core-buttons-is-layout-16018d1d wp-block-buttons-is-layout-flex\">\n<div class=\"wp-block-button\"><a class=\"wp-block-button__link has-black-color has-cyan-bluish-gray-background-color has-text-color has-background has-link-color wp-element-button\" href=\"https:\/\/www.coachwp.fr\/l-oreal\/complement-article-carole#chimieverte\" target=\"_blank\" rel=\"noreferrer noopener\">En savoir plus sur la <span class=\"glossaryLink\"  aria-describedby=\"tt\"  data-cmtooltip=\"cmtt_1b78feb8f2b86a167c14c63381249d3a\"  data-gt-translate-attributes='[{\"attribute\":\"data-cmtooltip\", \"format\":\"html\"}]'  tabindex='0' role='link'>chimie verte<\/span><\/a><\/div>\n<\/div>\n\n\n\n<div style=\"height:37px\" aria-hidden=\"true\" class=\"wp-block-spacer\"><\/div>\n<\/details>\n\n\n\n<details class=\"wp-block-details is-layout-flow wp-block-details-is-layout-flow\" style=\"font-size:15px\"><summary><strong>Repenser les emballages pour limiter l&rsquo;impact&nbsp;<\/strong><br><\/summary>\n<h2 class=\"wp-block-heading has-white-color has-text-color has-link-color wp-elements-87a6580f5f79106daa5b991fc3c41def\">Repenser les emballages pour limiter l&rsquo;impact<\/h2>\n\n\n\n<p>Un autre d&eacute;fi majeur pour L&rsquo;Or&eacute;al est de r&eacute;duire l&rsquo;impact environnemental des packagings, encore largement fabriqu&eacute;s &agrave; partir de mati&egrave;res plastiques. L&rsquo;entreprise s&rsquo;est fix&eacute; pour objectif qu&rsquo;&agrave; l&rsquo;horizon 2030, 100% de ses emballages plastiques soient issus de plastique recycl&eacute; ou biosourc&eacute;. En 2024, ce taux atteint 37%, tandis que 49% des emballages sont rechargeables, r&eacute;utilisables, recyclables ou compostables.<\/p>\n\n\n\n<p>L&rsquo;Or&eacute;al explore &eacute;galement des alternatives au plastique conventionnel, comme une cellulose r&eacute;sistante &agrave; l&rsquo;eau, compostable, ou encore l&rsquo;usage de <a href=\"https:\/\/www.coachwp.fr\/l-oreal\/glossaire#pet\" target=\"_blank\" rel=\"noreferrer noopener\"><span class=\"glossaryLink\"  aria-describedby=\"tt\"  data-cmtooltip=\"cmtt_e4d452e2b4b9730b15fd42dd8df04f9a\"  data-gt-translate-attributes='[{\"attribute\":\"data-cmtooltip\", \"format\":\"html\"}]'  tabindex='0' role='link'>PET<\/span><\/a> recycl&eacute; par <a href=\"https:\/\/www.coachwp.fr\/l-oreal\/glossaire#voieenzymatique\" target=\"_blank\" rel=\"noreferrer noopener\"><span class=\"glossaryLink\"  aria-describedby=\"tt\"  data-cmtooltip=\"cmtt_8b4b0cc2e5e4d63281455d2228667950\"  data-gt-translate-attributes='[{\"attribute\":\"data-cmtooltip\", \"format\":\"html\"}]'  tabindex='0' role='link'>voie enzymatique<\/span><\/a>. Cette m&eacute;thode innovante permet d&rsquo;&eacute;viter le recours aux <span class=\"glossaryLink\"  aria-describedby=\"tt\"  data-cmtooltip=\"cmtt_dcfa19d2cab0b4f702f0193299da5920\"  data-gt-translate-attributes='[{\"attribute\":\"data-cmtooltip\", \"format\":\"html\"}]'  tabindex='0' role='link'>solvants<\/span> et aux hautes temp&eacute;ratures n&eacute;cessaires au recyclage m&eacute;canique classique.&nbsp;<\/p>\n\n\n\n<p>L&rsquo;Or&eacute;al s&rsquo;engage pour l&rsquo;environnement en optimisant la conception de ses emballages. Le groupe utilise pour cela le logiciel Abaqus, d&eacute;velopp&eacute; par Dassault Syst&egrave;mes. En simulant le comportement m&eacute;canique des mat&eacute;riaux, cet outil a permis de r&eacute;duire le poids des flacons de 22 &agrave; 18 grammes, avec pour objectif d&rsquo;atteindre 14 grammes.<\/p>\n\n\n\n<div style=\"height:37px\" aria-hidden=\"true\" class=\"wp-block-spacer\"><\/div>\n<\/details>\n\n\n\n<details class=\"wp-block-details is-layout-flow wp-block-details-is-layout-flow\" style=\"font-size:15px\"><summary><strong>R&eacute;duire la consommation d&rsquo;eau<\/strong><br><\/summary>\n<h2 class=\"wp-block-heading has-white-color has-text-color has-link-color wp-elements-445500c7b3c9dde5b52b0c88b8df4afe\">R&eacute;duire la consommation d&rsquo;eau<\/h2>\n\n\n\n<p>La gestion de l&rsquo;eau est aussi au c&oelig;ur des pr&eacute;occupations environnementales de L&rsquo;Or&eacute;al. En 2024, la consommation totale d&rsquo;eau du groupe s&rsquo;&eacute;levait &agrave; 972 374 m&sup3;, dont 53 % provenaient de sources recycl&eacute;es et r&eacute;utilis&eacute;es.<\/p>\n\n\n\n<p>Le site de Libramont, en Belgique, constitue un exemple embl&eacute;matique de cette gestion durable. L&rsquo;eau potable y est r&eacute;serv&eacute;e &agrave; la consommation humaine et &agrave; la production d&rsquo;eau de haute qualit&eacute; (utilis&eacute;e comme mati&egrave;re premi&egrave;re), tandis que l&rsquo;eau utilis&eacute;e dans les processus industriels (nettoyage, refroidissement, etc.) est recycl&eacute;e en boucle ferm&eacute;e. Cette organisation a permis de limiter fortement l&rsquo;utilisation d&rsquo;eau potable, y compris lors des &eacute;pisodes de s&eacute;cheresse de 2020 et du stress hydrique de 2022, qui n&rsquo;ont eu qu&rsquo;un faible impact sur la production.<\/p>\n\n\n\n<p>Par ailleurs, L&rsquo;Or&eacute;al investit dans la recherche et le d&eacute;veloppement de formulations n&eacute;cessitant moins d&rsquo;eau au rin&ccedil;age, tout en proposant des produits &laquo; sans rin&ccedil;age &raquo;, notamment pour les shampoings et les soins capillaires.<\/p>\n\n\n\n<p>En compl&eacute;ment, l&rsquo;entreprise con&ccedil;oit des technologies telles que le dispositif <em>Water Saver<\/em>, destin&eacute; aux salons de coiffure, qui permet de r&eacute;duire jusqu&rsquo;&agrave; 60% la consommation d&rsquo;eau.<\/p>\n\n\n\n<div style=\"height:37px\" aria-hidden=\"true\" class=\"wp-block-spacer\"><\/div>\n<\/details>\n\n\n\n<details class=\"wp-block-details is-layout-flow wp-block-details-is-layout-flow\" style=\"font-size:15px\"><summary><strong>D&eacute;carboner les sites et le r&eacute;seau de partenaires<\/strong><br><\/summary>\n<h2 class=\"wp-block-heading has-white-color has-text-color has-link-color wp-elements-2e1da2e696b988991055d6bb6eb3dff6\">D&eacute;carboner les sites et le r&eacute;seau de partenaires<\/h2>\n\n\n\n<p>L&rsquo;Or&eacute;al s&rsquo;engage aussi pour l&rsquo;environnement en r&eacute;duisant sa consommation d&rsquo;&eacute;nergie, en am&eacute;liorant son bilan carbone et en limitant ses &eacute;missions de gaz &agrave; effet de serre.<\/p>\n\n\n\n<p>Dans cette optique, L&rsquo;Or&eacute;al agit sur trois leviers majeurs, correspondant aux trois scopes d&eacute;finis par le protocole GES (gaz &agrave; effet de serre), une m&eacute;thode internationale de r&eacute;f&eacute;rence pour mesurer et piloter les &eacute;missions de gaz &agrave; effet de serre des entreprises.<\/p>\n\n\n\n<div class=\"wp-block-buttons is-content-justification-center is-layout-flex wp-container-core-buttons-is-layout-16018d1d wp-block-buttons-is-layout-flex\">\n<div class=\"wp-block-button\"><a class=\"wp-block-button__link has-black-color has-cyan-bluish-gray-background-color has-text-color has-background has-link-color wp-element-button\" href=\"https:\/\/www.coachwp.fr\/l-oreal\/complement-article-carole#complementGHG\" target=\"_blank\" rel=\"noreferrer noopener\">En savoir plus sur le protocole GES et ses scopes<\/a><\/div>\n<\/div>\n\n\n\n<div style=\"height:11px\" aria-hidden=\"true\" class=\"wp-block-spacer\"><\/div>\n\n\n\n<p>Concernant les scopes 1 et 2 (&eacute;missions directes sur ses sites industriels et administratifs), L&rsquo;Or&eacute;al mise sur les &eacute;nergies renouvelables, qui repr&eacute;sentaient d&eacute;j&agrave; 97% de l&rsquo;&eacute;nergie consomm&eacute;e en 2024.<\/p>\n\n\n\n<p>Elle investit notamment dans :<\/p>\n\n\n\n<ul class=\"wp-block-list\">\n<li>des panneaux solaires sur son site de Vichy (France), couvrant 33% des besoins &eacute;nerg&eacute;tiques de l&rsquo;usine ;<\/li>\n\n\n\n<li>la <span class=\"glossaryLink\"  aria-describedby=\"tt\"  data-cmtooltip=\"cmtt_deb6f04d974f85d5043eac467eaf1320\"  data-gt-translate-attributes='[{\"attribute\":\"data-cmtooltip\", \"format\":\"html\"}]'  tabindex='0' role='link'>biomasse<\/span> sur le site de Rambouillet (France), qui assure 70% des besoins ;<\/li>\n\n\n\n<li>la <span class=\"glossaryLink\"  aria-describedby=\"tt\"  data-cmtooltip=\"cmtt_61c724ce0a4d8c43e9b60810b5dd9d72\"  data-gt-translate-attributes='[{\"attribute\":\"data-cmtooltip\", \"format\":\"html\"}]'  tabindex='0' role='link'>m&eacute;thanisation<\/span> sur le site de Libramont (Belgique), qui produit 250% de l&rsquo;&eacute;lectricit&eacute; n&eacute;cessaire, avec un exc&eacute;dent r&eacute;inject&eacute; dans le r&eacute;seau.<\/li>\n<\/ul>\n\n\n\n<figure class=\"wp-block-image aligncenter size-large\"><img loading=\"lazy\" decoding=\"async\" width=\"1024\" height=\"576\" src=\"https:\/\/www.coachwp.fr\/l-oreal\/wp-content\/uploads\/2025\/05\/panneaux-solaires-site-Vichy-de-LOreal-1024x576.jpg\" alt=\"Panneaux solaires install&eacute;s au dessus d'un parking chez L'Or&eacute;al\" class=\"wp-image-4357\" srcset=\"https:\/\/www.coachwp.fr\/l-oreal\/wp-content\/uploads\/2025\/05\/panneaux-solaires-site-Vichy-de-LOreal-1024x576.jpg 1024w, https:\/\/www.coachwp.fr\/l-oreal\/wp-content\/uploads\/2025\/05\/panneaux-solaires-site-Vichy-de-LOreal-980x551.jpg 980w, https:\/\/www.coachwp.fr\/l-oreal\/wp-content\/uploads\/2025\/05\/panneaux-solaires-site-Vichy-de-LOreal-480x270.jpg 480w\" sizes=\"(min-width: 0px) and (max-width: 480px) 480px, (min-width: 481px) and (max-width: 980px) 980px, (min-width: 981px) 1024px, 100vw\"\/><figcaption class=\"wp-element-caption\">Installation de panneaux solaires sur le site de L&rsquo;Or&eacute;al &agrave; Vichy<\/figcaption><\/figure>\n\n\n\n<div style=\"height:38px\" aria-hidden=\"true\" class=\"wp-block-spacer\"><\/div>\n\n\n\n<p>En ce qui concerne le scope 3 (&eacute;missions indirectes li&eacute;es &agrave; la cha&icirc;ne de valeur), L&rsquo;Or&eacute;al mobilise ses 35 000 entreprises partenaires, notamment &agrave; travers le fonds <em>Solstice<\/em> de 50 millions d&rsquo;euros pour soutenir leurs projets de d&eacute;carbonation. De plus, sa division Produits Professionnels accompagne les salons de coiffure dans leur transition &eacute;cologique via le programme <em>Coiffeurs pour le Futur<\/em>.<\/p>\n\n\n\n<figure class=\"wp-block-image aligncenter size-full\"><img loading=\"lazy\" decoding=\"async\" width=\"753\" height=\"464\" src=\"https:\/\/www.coachwp.fr\/l-oreal\/wp-content\/uploads\/2025\/05\/image-2.png\" alt=\"L'Or&eacute;al s'engage pour l'environnement : Emissions de gaz &agrave; effet de serre par L'Or&eacute;al en 2024\nCr&eacute;dit : Carole Balloud\" class=\"wp-image-1380\" srcset=\"https:\/\/www.coachwp.fr\/l-oreal\/wp-content\/uploads\/2025\/05\/image-2.png 753w, https:\/\/www.coachwp.fr\/l-oreal\/wp-content\/uploads\/2025\/05\/image-2-480x296.png 480w\" sizes=\"(min-width: 0px) and (max-width: 480px) 480px, (min-width: 481px) 753px, 100vw\"\/><figcaption class=\"wp-element-caption\">Comparaison des &eacute;missions de gaz &agrave; effet de serre de L&rsquo;Or&eacute;al (scopes 1, 2 et 3) entre 2019 et 2024<\/figcaption><\/figure>\n\n\n\n<div style=\"height:38px\" aria-hidden=\"true\" class=\"wp-block-spacer\"><\/div>\n<\/details>\n\n\n\n<details class=\"wp-block-details is-layout-flow wp-block-details-is-layout-flow\" style=\"font-size:15px\"><summary><strong>Les zones grise de L&rsquo;Or&eacute;al<\/strong><br><\/summary>\n<h2 class=\"wp-block-heading has-white-color has-text-color has-link-color wp-elements-015c3beecceb4192955b45f15e89de23\">Les zones grises de L&rsquo;Or&eacute;al<\/h2>\n\n\n\n<p>L&rsquo;Or&eacute;al s&rsquo;engage pour l&rsquo;environnement, mais cette d&eacute;marche reste cependant limit&eacute; par les contraintes li&eacute;es &agrave; la production cosm&eacute;tique. En effet, la <span class=\"glossaryLink\"  aria-describedby=\"tt\"  data-cmtooltip=\"cmtt_1b78feb8f2b86a167c14c63381249d3a\"  data-gt-translate-attributes='[{\"attribute\":\"data-cmtooltip\", \"format\":\"html\"}]'  tabindex='0' role='link'>chimie verte<\/span> reste en grande partie appliqu&eacute;e aux produits haut de gamme ou aux marques de luxe, comme, par exemple, les gammes &agrave; base de rose chez Lanc&ocirc;me. Les produits destin&eacute;s au grand public, quant &agrave; eux, ne b&eacute;n&eacute;ficient que tr&egrave;s peu de ces avanc&eacute;es. Ainsi, selon le communiqu&eacute; de presse du 4 mars 2021, 29% des ingr&eacute;dients utilis&eacute;s ont &eacute;t&eacute; &eacute;labor&eacute;s selon les principes de la <span class=\"glossaryLink\"  aria-describedby=\"tt\"  data-cmtooltip=\"cmtt_1b78feb8f2b86a167c14c63381249d3a\"  data-gt-translate-attributes='[{\"attribute\":\"data-cmtooltip\", \"format\":\"html\"}]'  tabindex='0' role='link'>chimie verte<\/span>.&nbsp;<\/p>\n\n\n\n<h2 class=\"wp-block-heading\">Des produits plus vertueux&hellip;mais pas sans <span class=\"glossaryLink\"  aria-describedby=\"tt\"  data-cmtooltip=\"cmtt_5a3343f8dbffd31cc161638e02d504ac\"  data-gt-translate-attributes='[{\"attribute\":\"data-cmtooltip\", \"format\":\"html\"}]'  tabindex='0' role='link'>PFAS<\/span><\/h2>\n\n\n\n<p>Les&nbsp;<a href=\"https:\/\/www.coachwp.fr\/l-oreal\/glossaire#pfas\" target=\"_blank\" rel=\"noreferrer noopener\"><span class=\"glossaryLink\"  aria-describedby=\"tt\"  data-cmtooltip=\"cmtt_5a3343f8dbffd31cc161638e02d504ac\"  data-gt-translate-attributes='[{\"attribute\":\"data-cmtooltip\", \"format\":\"html\"}]'  tabindex='0' role='link'>PFAS<\/span><\/a>&nbsp;constituent un d&eacute;fi majeur pour l&rsquo;entreprise. Pour rappel, ces substances sont des polluants &eacute;ternels. Ils posent un grave probl&egrave;me sanitaire et environnemental en raison de leur persistance dans les milieux naturels, de leur bioaccumulation et de leurs effets potentiellement toxiques sur la sant&eacute; humaine.&nbsp;Ils sont souvent utilis&eacute;es dans des produits cosm&eacute;tiques longue tenue et r&eacute;sistants &agrave; l&rsquo;eau, comme certains fonds de teint, mascaras waterproof, rouges &agrave; l&egrave;vres.<\/p>\n\n\n\n<p>Une enqu&ecirc;te publi&eacute;e 2024 par le m&eacute;dia en ligne&nbsp;<em>Vert<\/em>&nbsp;a r&eacute;v&eacute;l&eacute; l&rsquo;utilisation de <span class=\"glossaryLink\"  aria-describedby=\"tt\"  data-cmtooltip=\"cmtt_5a3343f8dbffd31cc161638e02d504ac\"  data-gt-translate-attributes='[{\"attribute\":\"data-cmtooltip\", \"format\":\"html\"}]'  tabindex='0' role='link'>PFAS<\/span> par L&rsquo;Or&eacute;al. En r&eacute;action, la marque a modifi&eacute; la composition de ses produits en retirant ces substances de ses listes d&rsquo;ingr&eacute;dients. Une page d&eacute;di&eacute;e sur son site internet affirme d&eacute;sormais que &laquo;&nbsp;100% des formules L&rsquo;Or&eacute;al seront sans <span class=\"glossaryLink\"  aria-describedby=\"tt\"  data-cmtooltip=\"cmtt_5a3343f8dbffd31cc161638e02d504ac\"  data-gt-translate-attributes='[{\"attribute\":\"data-cmtooltip\", \"format\":\"html\"}]'  tabindex='0' role='link'>PFAS<\/span> d&rsquo;ici fin 2024&nbsp;&raquo;.&nbsp;<\/p>\n\n\n\n<h2 class=\"wp-block-heading\">Des protections solaires&hellip;mais pas pour l&rsquo;environnement?<\/h2>\n\n\n\n<p>Les cr&egrave;mes solaires constituent une autre zone grise pour l&rsquo;industrie cosm&eacute;tique. Certains filtres UV, comme l&rsquo;<a href=\"https:\/\/www.coachwp.fr\/l-oreal\/glossaire#oxybenzone\" target=\"_blank\" rel=\"noreferrer noopener\"><span class=\"glossaryLink\"  aria-describedby=\"tt\"  data-cmtooltip=\"cmtt_375e7e69e2b8d8c8e65bfd5bff7fc06d\"  data-gt-translate-attributes='[{\"attribute\":\"data-cmtooltip\", \"format\":\"html\"}]'  tabindex='0' role='link'>oxybenzone<\/span><\/a>&nbsp;ou l&rsquo;<a href=\"https:\/\/www.coachwp.fr\/l-oreal\/glossaire#octocrylene\" target=\"_blank\" rel=\"noreferrer noopener\"><span class=\"glossaryLink\"  aria-describedby=\"tt\"  data-cmtooltip=\"cmtt_1623546b7361a2b4f34a5f9daccecf9b\"  data-gt-translate-attributes='[{\"attribute\":\"data-cmtooltip\", \"format\":\"html\"}]'  tabindex='0' role='link'>octocryl&egrave;ne<\/span><\/a>, sont accus&eacute;s d&rsquo;endommager les &eacute;cosyst&egrave;mes marins. L&rsquo;Or&eacute;al affirme que ses produits sont formul&eacute;s pour &ecirc;tre respectueux de l&rsquo;environnement aquatique (notamment la gamme Anthelios de sa marque La Roche-Posay) et collabore avec le centre scientifique de Monaco sur ce sujet. Toutefois, une &eacute;tude men&eacute;e par l&rsquo;entreprise en 2019 a &eacute;t&eacute; contest&eacute;e par des chercheurs ind&eacute;pendants, qui soulignent des conflits d&rsquo;int&eacute;r&ecirc;ts et l&rsquo;absence de consensus scientifique.<\/p>\n\n\n\n<p>Si L&rsquo;Or&eacute;al s&rsquo;engage pour l&rsquo;environnement, l&rsquo;entreprise suscite des interrogations quant &agrave; la coh&eacute;rence de certaines de ses pratiques en mati&egrave;re de communication et de marketing. En avril 2025, L&rsquo;Or&eacute;al a d&eacute;clench&eacute; des critiques en envoyant des blocs de glace contenant des produits de sa gamme antirides Revitalift &agrave; une trentaine d&rsquo;influenceurs en r&eacute;gion parisienne. Cette op&eacute;ration visait &agrave; cr&eacute;er un effet spectaculaire sur les r&eacute;seaux sociaux, les destinataires &eacute;tant invit&eacute;s &agrave; briser la glace pour d&eacute;couvrir les produits (<a href=\"https:\/\/www.youtube.com\/shorts\/cudCzKVKzBc?feature=share\" target=\"_blank\" rel=\"noreferrer noopener\">lien vers la vid&eacute;o<\/a>).<\/p>\n\n\n\n<div style=\"height:37px\" aria-hidden=\"true\" class=\"wp-block-spacer\"><\/div>\n<\/details>\n\n\n\n<details class=\"wp-block-details is-layout-flow wp-block-details-is-layout-flow\" style=\"font-size:15px\"><summary><strong>Pr&eacute;server la biodiversit&eacute;, une n&eacute;cessit&eacute; strat&eacute;gique pour L&rsquo;Or&eacute;al<\/strong><br><\/summary>\n<h2 class=\"wp-block-heading has-white-color has-text-color has-link-color wp-elements-f9625ea848b2b8706a0ba55cb7d2830c\">Pr&eacute;server la biodiversit&eacute;, une n&eacute;cessit&eacute; strat&eacute;gique pour L&rsquo;Or&eacute;al<\/h2>\n\n\n\n<p>Face &agrave; l&rsquo;urgence climatique et &agrave; une demande croissante des consommateurs pour des produits plus durables, L&rsquo;Or&eacute;al s&rsquo;engage pour l&rsquo;environnement &agrave; travers une multitude d&rsquo;initiatives. Ces efforts ne rel&egrave;vent pas seulement d&rsquo;un engagement &eacute;thique, mais aussi d&rsquo;un imp&eacute;ratif strat&eacute;gique : 54% des mati&egrave;res premi&egrave;res utilis&eacute;es par le groupe sont d&rsquo;origine naturelle, un capital biologique que l&rsquo;entreprise doit prot&eacute;ger pour garantir la p&eacute;rennit&eacute; de son activit&eacute;.<\/p>\n\n\n\n<p>En 2024, L&rsquo;Or&eacute;al a utilis&eacute; 306 477 tonnes de mati&egrave;res premi&egrave;res selon son Document d&rsquo;enregistrement universel, soulignant l&rsquo;ampleur de ses besoins. Pour r&eacute;pondre &agrave; ces enjeux, le groupe s&rsquo;est engag&eacute; &agrave; ce que 95% de ses mati&egrave;res premi&egrave;res proviennent d&rsquo;ici 2030 de sources renouvelables issues de la biotechnologie, du recyclage ou de l&rsquo;&eacute;conomie circulaire. Fin 2023, 65% de ces objectifs &eacute;taient d&eacute;j&agrave; atteints.&nbsp;<\/p>\n\n\n\n<div style=\"height:37px\" aria-hidden=\"true\" class=\"wp-block-spacer\"><\/div>\n<\/details>\n\n\n\n<details class=\"wp-block-details is-layout-flow wp-block-details-is-layout-flow\"><summary><strong>Sources<\/strong><\/summary>\n<h2 class=\"wp-block-heading has-white-color has-text-color has-link-color wp-elements-bafa12e3f65a13e66086d20496caf444\">Sources<\/h2>\n\n\n\n<p>ANSES (2024, 4 avril). <em><span class=\"glossaryLink\"  aria-describedby=\"tt\"  data-cmtooltip=\"cmtt_5a3343f8dbffd31cc161638e02d504ac\"  data-gt-translate-attributes='[{\"attribute\":\"data-cmtooltip\", \"format\":\"html\"}]'  tabindex='0' role='link'>PFAS<\/span> : des substances chimiques tr&egrave;s persistantes<\/em>. <a href=\"https:\/\/www.anses.fr\/fr\/content\/pfas-substances-chimiques-persistantes\" target=\"_blank\" rel=\"noreferrer noopener\">h<\/a><a href=\"ttps:\/\/www.anses.fr\/fr\/content\/pfas-substances-chimiques-persistantes\" target=\"_blank\" rel=\"noreferrer noopener\">ttps:\/\/www.anses.fr\/fr\/content\/pfas-substances-chimiques-persistantes<\/a><\/p>\n\n\n\n<p>BPI France (2024, 9 janvier). <em>Chimie verte : d&eacute;finition, principes, exemples d&rsquo;entreprise<\/em>. <a href=\"https:\/\/bigmedia.bpifrance.fr\/nos-dossiers\/chimie-verte-definition-principes-exemples-dentreprise\" target=\"_blank\" rel=\"noreferrer noopener\"> https:\/\/bigmedia.bpifrance.fr\/nos-dossiers\/chimie-verte-definition-principes-exemples-dentreprise<\/a><\/p>\n\n\n\n<p>Hieronimus, N. (2024, 16 d&eacute;cembre). <em>La lettre de l&rsquo;expansion <\/em>(p. 7) [Europresse].<\/p>\n\n\n\n<p>Coignard, H. (2024, 22 octobre). <span class=\"glossaryLink\"  aria-describedby=\"tt\"  data-cmtooltip=\"cmtt_5a3343f8dbffd31cc161638e02d504ac\"  data-gt-translate-attributes='[{\"attribute\":\"data-cmtooltip\", \"format\":\"html\"}]'  tabindex='0' role='link'>PFAS<\/span> dans les cosm&eacute;tiques&nbsp;: les r&eacute;actions des industriels apr&egrave;s nos r&eacute;v&eacute;lations. <em>VERT<\/em>. <a href=\"https:\/\/vert.eco\/articles\/pfas-dans-les-cosmetiques-les-reactions-des-industriels-apres-nos-revelations\" target=\"_blank\" rel=\"noreferrer noopener\">https:\/\/vert.eco\/articles\/pfas-dans-les-cosmetiques-les-reactions-des-industriels-apres-nos-revelations<\/a><\/p>\n\n\n\n<p>Coignard, H. (2024, 7 octobre). L&rsquo;Or&eacute;al, Lanc&ocirc;me, Kiko&hellip; ces marques qui utilisent des &laquo;polluants &eacute;ternels&raquo; dans leurs cosm&eacute;tiques. <em>VERT<\/em>. <a href=\"https:\/\/vert.eco\/articles\/loreal-lancome-kiko-ces-marques-qui-utilisent-des-polluants-eternels-dans-leurs-cosmetiques\" target=\"_blank\" rel=\"noreferrer noopener\">https:\/\/vert.eco\/articles\/loreal-lancome-kiko-ces-marques-qui-utilisent-des-polluants-eternels-dans-leurs-cosmetiques<\/a><\/p>\n\n\n\n<p>Lanc&ocirc;me (2023). <em>Rapport d&rsquo;avancement d&eacute;veloppement durable 2023<\/em>. <a href=\"https:\/\/www.lancome.fr\/on\/demandware.static\/-\/Sites-lancome-fr-v2-Library\/fr_FR\/v92e712565cab632804227812a1bf419c29dc10ad\/files\/LANCOME_Rapport2023_FR.pdf\" target=\"_blank\" rel=\"noreferrer noopener\">https:\/\/www.lancome.fr\/on\/demandware.static\/-\/Sites-lancome-fr-v2-Library\/fr_FR\/v92e712565cab632804227812a1bf419c29dc10ad\/files\/LANCOME_Rapport2023_FR.pdf<\/a><\/p>\n\n\n\n<p>Le coup de com glac&eacute; de L&rsquo;Or&eacute;al (2025, 25 avril). <em>L&rsquo;Humanit&eacute;<\/em> (p. 5) [Europresse].<\/p>\n\n\n\n<p>Lescuyer, T. (2020, 15 f&eacute;vrier). Corail et cr&egrave;mes solaires : L&rsquo;Or&eacute;al filtre le d&eacute;bat. <em>La Tribune <\/em>(p. 111) [Europresse].<\/p>\n\n\n\n<p>Le Theuf, M. (2024, 5 octobre). L&rsquo;Or&eacute;al ouvre les portes de son pack lab. <em>CosmetiqueMag <\/em>(p. 12-13) [Europresse].<\/p>\n\n\n\n<p>L&rsquo;Or&eacute;al (2024). <em>Document d&rsquo;enregistrement universel 2024<\/em>. <a href=\"https:\/\/www.loreal-finance.com\/system\/files\/2025-03\/Document_denregistrement_universel_2024_LOREAL.pdf\" target=\"_blank\" rel=\"noreferrer noopener\">https:\/\/www.loreal-finance.com\/system\/files\/2025-03\/Document_denregistrement_universel_2024_LOREAL.pdf<\/a><\/p>\n\n\n\n<p>L&rsquo;Or&eacute;al. <em>Est-ce que les filtres UV dans les cosm&eacute;tiques ont un effet sur les coraux&nbsp;? <\/em><a href=\"https:\/\/www.loreal.com\/fr\/news\/research-innovation\/estceque-les-filtres-uv-dans-les-cosmetiques-ont-un-effet-sur-les-coraux\" target=\"_blank\" rel=\"noreferrer noopener\">https:\/\/www.loreal.com\/fr\/news\/research-innovation\/estceque-les-filtres-uv-dans-les-cosmetiques-ont-un-effet-sur-les-coraux<\/a><\/p>\n\n\n\n<p>L&rsquo;Or&eacute;al. <em>La <span class=\"glossaryLink\"  aria-describedby=\"tt\"  data-cmtooltip=\"cmtt_1b78feb8f2b86a167c14c63381249d3a\"  data-gt-translate-attributes='[{\"attribute\":\"data-cmtooltip\", \"format\":\"html\"}]'  tabindex='0' role='link'>chimie verte<\/span>, l&rsquo;avenir de la beaut&eacute;<\/em>. <a href=\"https:\/\/www.loreal.com\/fr\/articles\/research-innovation\/la-chimie-verte-l-avenir-de-la-beaute\/\" target=\"_blank\" rel=\"noreferrer noopener\">https:\/\/w<\/a><a href=\"https:\/\/www.loreal.com\/fr\/articles\/research-innovation\/la-chimie-verte-l-avenir-de-la-beaute\/\">ww.loreal.com\/fr\/articles\/research-innovation\/la-chimie-verte-l-avenir-de-la-beaute\/<\/a><\/p>\n\n\n\n<p>L&rsquo;Or&eacute;al. <em>Solarisation de l&rsquo;usine de Vichy<\/em>. <a href=\"https:\/\/www.loreal.com\/fr\/france\/articles\/commitments\/lusine-loreal-de-vichy-met-en-service-son-projet-de-solarisation\/\">https:\/\/www.loreal.com\/fr\/france\/articles\/commitments\/lusine-loreal-de-vichy-met-en-service-son-projet-de-solarisation\/<\/a><\/p>\n\n\n\n<p>L&rsquo;Or&eacute;al innove pour le d&eacute;veloppement durable (2022, 3 f&eacute;vrier). <em>L&rsquo;Usine nouvelle<\/em> [Europresse].<\/p>\n\n\n\n<p>L&rsquo;Or&eacute;al &agrave; libramont &ndash; Une usine du futur tr&egrave;s nature (2024, 25 septembre). <em>L&rsquo;Avenir<\/em> (p. 17) [Europresse].<\/p>\n\n\n\n<p>L&rsquo;Or&eacute;al Libramont&nbsp;: l&rsquo;usine qui ne perd pas une seule goutte d&rsquo;eau. (2024, 20 ao&ucirc;t). <em>Le journal des fluides <\/em>(p. 16-18) [Europresse].<\/p>\n\n\n\n<p>Roussel, J. (2024, 25 septembre). A Rambouillet, l&rsquo;usine DOP, vitrine des ambitions environnementales de L&rsquo;Or&eacute;al. <em>Les Echos<\/em> [Europresse].<\/p>\n\n\n\n<p>Sorbonne Universit&eacute;. (2019, 21 janvier). <em>Les coraux menac&eacute;s par nos cr&egrave;mes solaires<\/em>. <a href=\"https:\/\/www.sorbonne-universite.fr\/actualites\/les-coraux-menaces-par-nos-cremes-solaires?\" target=\"_blank\" rel=\"noreferrer noopener\">https:\/\/www.sorbonne-universite.fr\/actualites\/les-coraux-menaces-par-nos-cremes-solaires?<\/a><\/p>\n\n\n\n<p>Tech, IA et durabilit&eacute; s&rsquo;invitent &agrave; VivaTech 2024 : voici les avanc&eacute;es impressionnantes en BeautyTech de L&rsquo;Or&eacute;al (2024, 23 mai). <em>Sciences et Vie<\/em> [Europresse].<\/p>\n\n\n\n<p>Tchounand, R. (2025, 15 mars). Au Maroc, L&rsquo;Or&eacute;al &agrave; fond dans sa strat&eacute;gie de beaut&eacute; responsable. <em>La Tribune <\/em>(p. 82) [Europresse].<\/p>\n<\/details>\n[\/et_pb_text][\/et_pb_column]\n\t\t\t[\/et_pb_row]\n\t\t[\/et_pb_section]","protected":false},"excerpt":{"rendered":"<p>L&rsquo;Or&eacute;al s&rsquo;engage pour l&rsquo;environnement : focus sur ses actions concr&egrave;tes pour r&eacute;duire son empreinte carbone et verdir sa cha&icirc;ne de valeur.<\/p>\n","protected":false},"author":3,"featured_media":0,"comment_status":"closed","ping_status":"closed","sticky":false,"template":"","format":"standard","meta":{"_et_pb_use_builder":"on","_et_pb_old_content":"<!-- wp:paragraph {\"style\":{\"typography\":{\"fontSize\":\"15px\"}}} -->\n<p style=\"font-size:15px\">L\u2019Or\u00e9al s\u2019engage pour l\u2019environnement \u00e0 travers plusieurs actions concr\u00e8tes : chimie verte, emballages durables, r\u00e9duction de la consommation d\u2019eau ou encore baisse des \u00e9missions de gaz \u00e0 effet de serre. Mais malgr\u00e9 ces efforts, certaines pratiques posent encore question.<\/p>\n<!-- \/wp:paragraph -->\n\n<!-- wp:paragraph {\"style\":{\"typography\":{\"fontSize\":\"15px\"}}} -->\n<p style=\"font-size:15px\"><\/p>\n<!-- \/wp:paragraph -->\n\n<!-- wp:image {\"id\":4171,\"width\":\"779px\",\"height\":\"auto\",\"sizeSlug\":\"full\",\"linkDestination\":\"none\",\"align\":\"center\"} -->\n<figure class=\"wp-block-image aligncenter size-full is-resized\"><img src=\"https:\/\/www.coachwp.fr\/l-oreal\/wp-content\/uploads\/2025\/05\/01_igfr7hd4.jpg\" alt=\"bird's eye view photograph of green mountains\" class=\"wp-image-4171\" style=\"width:779px;height:auto\"\/><\/figure>\n<!-- \/wp:image -->\n\n<!-- wp:spacer {\"height\":\"11px\"} -->\n<div style=\"height:11px\" aria-hidden=\"true\" class=\"wp-block-spacer\"><\/div>\n<!-- \/wp:spacer -->\n\n<!-- wp:details {\"style\":{\"typography\":{\"fontSize\":\"15px\"}}} -->\n<details class=\"wp-block-details\" style=\"font-size:15px\"><summary><strong>Remplacer la p\u00e9trochimie par la chimie verte<\/strong> <\/summary><!-- wp:heading {\"style\":{\"elements\":{\"link\":{\"color\":{\"text\":\"var:preset|color|white\"}}}},\"textColor\":\"white\"} -->\n<h2 class=\"wp-block-heading has-white-color has-text-color has-link-color\">Remplacer la p\u00e9trochimie par la <\/h2>\n<!-- \/wp:heading -->\n\n<!-- wp:paragraph {\"placeholder\":\"Saisissez \/ pour ajouter un bloc masqu\u00e9\"} -->\n<p>L\u2019un des premiers enjeux pour L\u2019Or\u00e9al est de remplacer les <a href=\"https:\/\/www.coachwp.fr\/l-oreal\/glossaire#solvant\" target=\"_blank\" rel=\"noreferrer noopener\">solvants<\/a> et les<a href=\"https:\/\/www.coachwp.fr\/l-oreal\/glossaire#composearomatique\"> <\/a><a href=\"https:\/\/www.coachwp.fr\/l-oreal\/glossaire#composearomatique\" target=\"_blank\" rel=\"noreferrer noopener\">compos\u00e9s aromatiques<\/a>. Ces substances, largement utilis\u00e9es dans la <a href=\"https:\/\/www.coachwp.fr\/l-oreal\/glossaire#chimiecosmetiqueclassique\" target=\"_blank\" rel=\"noreferrer noopener\">chimie cosm\u00e9tique<\/a> classique, sont issues de la p\u00e9trochimie et sont souvent toxiques et polluantes. Face \u00e0 ce d\u00e9fi, L\u2019Or\u00e9al mise sur les principes de la chimie verte, apparue dans les ann\u00e9es 1990, qui promeut l\u2019utilisation de mati\u00e8res premi\u00e8res renouvelables et de proc\u00e9d\u00e9s plus respectueux de l'environnement.<\/p>\n<!-- \/wp:paragraph -->\n\n<!-- wp:paragraph -->\n<p>Dans cette d\u00e9marche, l\u2019entreprise d\u00e9veloppe notamment des m\u00e9thodes alternatives d\u2019<a href=\"https:\/\/www.coachwp.fr\/l-oreal\/glossaire#extractiondemolecule\" target=\"_blank\" rel=\"noreferrer noopener\">extraction des mol\u00e9cules<\/a> afin d'\u00e9viter le recours aux <a href=\"https:\/\/www.coachwp.fr\/l-oreal\/glossaire#solvantorganique\" target=\"_blank\" rel=\"noreferrer noopener\">solvants organiques<\/a>. Par exemple, l\u2019extraction au CO\u2082 supercritique, utilis\u00e9e pour capter les compos\u00e9s aromatiques des p\u00e9tales de rose dans la gamme Lanc\u00f4me Absolue, est un proc\u00e9d\u00e9 \u00e9cologique : il exploite un gaz naturel non toxique, recyclable, et limite l\u2019impact environnemental.<\/p>\n<!-- \/wp:paragraph -->\n\n<!-- wp:paragraph -->\n<p>Toujours dans une d\u00e9marche de chimie verte, L\u2019Or\u00e9al d\u00e9veloppe des alternatives aux proc\u00e9d\u00e9s traditionnels de fabrication des produits cosm\u00e9tiques. Par exemple, le <a href=\"https:\/\/www.coachwp.fr\/l-oreal\/glossaire#proxylane\" target=\"_blank\" rel=\"noreferrer noopener\">proxylane<\/a>, un actif anti-\u00e2ge pr\u00e9sent dans plusieurs cr\u00e8mes, est <a href=\"https:\/\/www.coachwp.fr\/l-oreal\/glossaire#fabrication\" target=\"_blank\" rel=\"noreferrer noopener\">synth\u00e9tis\u00e9<\/a> \u00e0 partir de xylose, un sucre d\u2019origine v\u00e9g\u00e9tale. Ce proc\u00e9d\u00e9, plus respectueux de l\u2019environnement, utilise uniquement de l\u2019eau comme solvant, \u00e9vitant ainsi les solvants nocifs.<\/p>\n<!-- \/wp:paragraph -->\n\n<!-- wp:paragraph -->\n<p>Un autre exemple&nbsp;concerne l\u2019<a href=\"https:\/\/www.coachwp.fr\/l-oreal\/glossaire#isododecane\" target=\"_blank\" rel=\"noreferrer noopener\">isodod\u00e9cane<\/a>, utilis\u00e9 dans certains soins capillaires et produits de maquillage. Dans sa version durable, sa production provient alors de r\u00e9sidus de m\u00e9lasse, un sous-produit de la transformation du sucre de betterave. Cette valorisation de d\u00e9chets agricoles r\u00e9duit le recours au p\u00e9trole.<\/p>\n<!-- \/wp:paragraph -->\n\n<!-- wp:paragraph -->\n<p>Enfin, des ingr\u00e9dients d\u2019origine naturelle comme l\u2019huile d\u2019avocat ou le beurre de karit\u00e9 permettent de remplacer certaines fonctions assur\u00e9es traditionnellement par les <a href=\"https:\/\/www.coachwp.fr\/l-oreal\/glossaire#sulfate\" target=\"_blank\" rel=\"noreferrer noopener\">sulfates<\/a> et les <a href=\"https:\/\/www.coachwp.fr\/l-oreal\/glossaire#silicone\" target=\"_blank\" rel=\"noreferrer noopener\">silicones<\/a>, en particulier dans les shampoings de la gamme Redken. Ces solutions sont plus durables pour l'environnement.<\/p>\n<!-- \/wp:paragraph -->\n\n<!-- wp:spacer {\"height\":\"37px\"} -->\n<div style=\"height:37px\" aria-hidden=\"true\" class=\"wp-block-spacer\"><\/div>\n<!-- \/wp:spacer -->\n\n<!-- wp:buttons {\"layout\":{\"type\":\"flex\",\"justifyContent\":\"center\"}} -->\n<div class=\"wp-block-buttons\"><!-- wp:button {\"backgroundColor\":\"cyan-bluish-gray\",\"textColor\":\"black\",\"style\":{\"elements\":{\"link\":{\"color\":{\"text\":\"var:preset|color|black\"}}}}} -->\n<div class=\"wp-block-button\"><a class=\"wp-block-button__link has-black-color has-cyan-bluish-gray-background-color has-text-color has-background has-link-color wp-element-button\" href=\"https:\/\/www.coachwp.fr\/l-oreal\/complement-article-carole#chimieverte\" target=\"_blank\" rel=\"noreferrer noopener\">En savoir plus sur la chimie verte<\/a><\/div>\n<!-- \/wp:button --><\/div>\n<!-- \/wp:buttons -->\n\n<!-- wp:spacer {\"height\":\"37px\"} -->\n<div style=\"height:37px\" aria-hidden=\"true\" class=\"wp-block-spacer\"><\/div>\n<!-- \/wp:spacer --><\/details>\n<!-- \/wp:details -->\n\n<!-- wp:details {\"style\":{\"typography\":{\"fontSize\":\"15px\"}}} -->\n<details class=\"wp-block-details\" style=\"font-size:15px\"><summary><strong>Repenser les emballages pour limiter l\u2019impact&nbsp;<\/strong><br><\/summary><!-- wp:heading {\"style\":{\"elements\":{\"link\":{\"color\":{\"text\":\"var:preset|color|white\"}}}},\"textColor\":\"white\"} -->\n<h2 class=\"wp-block-heading has-white-color has-text-color has-link-color\">Repenser les emballages pour limiter l'impact<\/h2>\n<!-- \/wp:heading -->\n\n<!-- wp:paragraph {\"placeholder\":\"Saisissez \/ pour ajouter un bloc masqu\u00e9\"} -->\n<p>Un autre d\u00e9fi majeur pour L'Or\u00e9al est de r\u00e9duire l\u2019impact environnemental des packagings, encore largement fabriqu\u00e9s \u00e0 partir de mati\u00e8res plastiques. L'entreprise s\u2019est fix\u00e9 pour objectif qu\u2019\u00e0 l\u2019horizon 2030, 100% de ses emballages plastiques soient issus de plastique recycl\u00e9 ou biosourc\u00e9. En 2024, ce taux atteint 37%, tandis que 49% des emballages sont rechargeables, r\u00e9utilisables, recyclables ou compostables.<\/p>\n<!-- \/wp:paragraph -->\n\n<!-- wp:paragraph -->\n<p>L\u2019Or\u00e9al explore \u00e9galement des alternatives au plastique conventionnel, comme une cellulose r\u00e9sistante \u00e0 l\u2019eau, compostable, ou encore l\u2019usage de <a href=\"https:\/\/www.coachwp.fr\/l-oreal\/glossaire#pet\" target=\"_blank\" rel=\"noreferrer noopener\">PET<\/a> recycl\u00e9 par <a href=\"https:\/\/www.coachwp.fr\/l-oreal\/glossaire#voieenzymatique\" target=\"_blank\" rel=\"noreferrer noopener\">voie enzymatique<\/a>. Cette m\u00e9thode innovante permet d\u2019\u00e9viter le recours aux solvants et aux hautes temp\u00e9ratures n\u00e9cessaires au recyclage m\u00e9canique classique.&nbsp;<\/p>\n<!-- \/wp:paragraph -->\n\n<!-- wp:paragraph {\"placeholder\":\"Saisissez \/ pour ajouter un bloc masqu\u00e9\"} -->\n<p>L\u2019Or\u00e9al s\u2019engage pour l\u2019environnement en optimisant la conception de ses emballages. Le groupe utilise pour cela le logiciel Abaqus, d\u00e9velopp\u00e9 par Dassault Syst\u00e8mes. En simulant le comportement m\u00e9canique des mat\u00e9riaux, cet outil a permis de r\u00e9duire le poids des flacons de 22 \u00e0 18 grammes, avec pour objectif d\u2019atteindre 14 grammes.<\/p>\n<!-- \/wp:paragraph -->\n\n<!-- wp:spacer {\"height\":\"37px\"} -->\n<div style=\"height:37px\" aria-hidden=\"true\" class=\"wp-block-spacer\"><\/div>\n<!-- \/wp:spacer --><\/details>\n<!-- \/wp:details -->\n\n<!-- wp:details {\"style\":{\"typography\":{\"fontSize\":\"15px\"}}} -->\n<details class=\"wp-block-details\" style=\"font-size:15px\"><summary><strong>R\u00e9duire la consommation d\u2019eau<\/strong><br><\/summary><!-- wp:heading {\"style\":{\"elements\":{\"link\":{\"color\":{\"text\":\"var:preset|color|white\"}}}},\"textColor\":\"white\"} -->\n<h2 class=\"wp-block-heading has-white-color has-text-color has-link-color\">R\u00e9duire la consommation d'eau<\/h2>\n<!-- \/wp:heading -->\n\n<!-- wp:paragraph {\"placeholder\":\"Saisissez \/ pour ajouter un bloc masqu\u00e9\"} -->\n<p>La gestion de l\u2019eau est aussi au c\u0153ur des pr\u00e9occupations environnementales de L\u2019Or\u00e9al. En 2024, la consommation totale d\u2019eau du groupe s\u2019\u00e9levait \u00e0 972 374 m\u00b3, dont 53 % provenaient de sources recycl\u00e9es et r\u00e9utilis\u00e9es.<\/p>\n<!-- \/wp:paragraph -->\n\n<!-- wp:paragraph -->\n<p>Le site de Libramont, en Belgique, constitue un exemple embl\u00e9matique de cette gestion durable. L\u2019eau potable y est r\u00e9serv\u00e9e \u00e0 la consommation humaine et \u00e0 la production d\u2019eau de haute qualit\u00e9 (utilis\u00e9e comme mati\u00e8re premi\u00e8re), tandis que l\u2019eau utilis\u00e9e dans les processus industriels (nettoyage, refroidissement, etc.) est recycl\u00e9e en boucle ferm\u00e9e. Cette organisation a permis de limiter fortement l\u2019utilisation d\u2019eau potable, y compris lors des \u00e9pisodes de s\u00e9cheresse de 2020 et du stress hydrique de 2022, qui n\u2019ont eu qu\u2019un faible impact sur la production.<\/p>\n<!-- \/wp:paragraph -->\n\n<!-- wp:paragraph -->\n<p>Par ailleurs, L\u2019Or\u00e9al investit dans la recherche et le d\u00e9veloppement de formulations n\u00e9cessitant moins d\u2019eau au rin\u00e7age, tout en proposant des produits \u00ab sans rin\u00e7age \u00bb, notamment pour les shampoings et les soins capillaires.<\/p>\n<!-- \/wp:paragraph -->\n\n<!-- wp:paragraph {\"placeholder\":\"Saisissez \/ pour ajouter un bloc masqu\u00e9\"} -->\n<p>En compl\u00e9ment, l\u2019entreprise con\u00e7oit des technologies telles que le dispositif <em>Water Saver<\/em>, destin\u00e9 aux salons de coiffure, qui permet de r\u00e9duire jusqu\u2019\u00e0 60% la consommation d\u2019eau.<\/p>\n<!-- \/wp:paragraph -->\n\n<!-- wp:spacer {\"height\":\"37px\"} -->\n<div style=\"height:37px\" aria-hidden=\"true\" class=\"wp-block-spacer\"><\/div>\n<!-- \/wp:spacer --><\/details>\n<!-- \/wp:details -->\n\n<!-- wp:details {\"style\":{\"typography\":{\"fontSize\":\"15px\"}}} -->\n<details class=\"wp-block-details\" style=\"font-size:15px\"><summary><strong>D\u00e9carboner les sites et le r\u00e9seau de partenaires<\/strong><br><\/summary><!-- wp:heading {\"style\":{\"elements\":{\"link\":{\"color\":{\"text\":\"var:preset|color|white\"}}}},\"textColor\":\"white\"} -->\n<h2 class=\"wp-block-heading has-white-color has-text-color has-link-color\">D\u00e9carboner les sites et le r\u00e9seau de partenaires<\/h2>\n<!-- \/wp:heading -->\n\n<!-- wp:paragraph {\"placeholder\":\"Saisissez \/ pour ajouter un bloc masqu\u00e9\"} -->\n<p>L\u2019Or\u00e9al s\u2019engage aussi pour l\u2019environnement en r\u00e9duisant sa consommation d\u2019\u00e9nergie, en am\u00e9liorant son bilan carbone et en limitant ses \u00e9missions de gaz \u00e0 effet de serre.<\/p>\n<!-- \/wp:paragraph -->\n\n<!-- wp:paragraph -->\n<p>Dans cette optique, L'Or\u00e9al agit sur trois leviers majeurs, correspondant aux trois scopes d\u00e9finis par le protocole GES (gaz \u00e0 effet de serre), une m\u00e9thode internationale de r\u00e9f\u00e9rence pour mesurer et piloter les \u00e9missions de gaz \u00e0 effet de serre des entreprises.<\/p>\n<!-- \/wp:paragraph -->\n\n<!-- wp:buttons {\"layout\":{\"type\":\"flex\",\"justifyContent\":\"center\"}} -->\n<div class=\"wp-block-buttons\"><!-- wp:button {\"backgroundColor\":\"cyan-bluish-gray\",\"textColor\":\"black\",\"style\":{\"elements\":{\"link\":{\"color\":{\"text\":\"var:preset|color|black\"}}}}} -->\n<div class=\"wp-block-button\"><a class=\"wp-block-button__link has-black-color has-cyan-bluish-gray-background-color has-text-color has-background has-link-color wp-element-button\" href=\"https:\/\/www.coachwp.fr\/l-oreal\/complement-article-carole#complementGHG\" target=\"_blank\" rel=\"noreferrer noopener\">En savoir plus sur le protocole GES et ses scopes<\/a><\/div>\n<!-- \/wp:button --><\/div>\n<!-- \/wp:buttons -->\n\n<!-- wp:spacer {\"height\":\"11px\"} -->\n<div style=\"height:11px\" aria-hidden=\"true\" class=\"wp-block-spacer\"><\/div>\n<!-- \/wp:spacer -->\n\n<!-- wp:paragraph -->\n<p>Concernant les scopes 1 et 2 (\u00e9missions directes sur ses sites industriels et administratifs), L\u2019Or\u00e9al mise sur les \u00e9nergies renouvelables, qui repr\u00e9sentaient d\u00e9j\u00e0 97% de l\u2019\u00e9nergie consomm\u00e9e en 2024.<\/p>\n<!-- \/wp:paragraph -->\n\n<!-- wp:paragraph -->\n<p>Elle investit notamment dans :<\/p>\n<!-- \/wp:paragraph -->\n\n<!-- wp:list -->\n<ul class=\"wp-block-list\"><!-- wp:list-item -->\n<li>des panneaux solaires sur son site de Vichy (France), couvrant 33% des besoins \u00e9nerg\u00e9tiques de l\u2019usine ;<\/li>\n<!-- \/wp:list-item -->\n\n<!-- wp:list-item -->\n<li>la biomasse sur le site de Rambouillet (France), qui assure 70% des besoins ;<\/li>\n<!-- \/wp:list-item -->\n\n<!-- wp:list-item -->\n<li>la m\u00e9thanisation sur le site de Libramont (Belgique), qui produit 250% de l\u2019\u00e9lectricit\u00e9 n\u00e9cessaire, avec un exc\u00e9dent r\u00e9inject\u00e9 dans le r\u00e9seau.<\/li>\n<!-- \/wp:list-item --><\/ul>\n<!-- \/wp:list -->\n\n<!-- wp:image {\"id\":4357,\"sizeSlug\":\"large\",\"linkDestination\":\"none\",\"align\":\"center\"} -->\n<figure class=\"wp-block-image aligncenter size-large\"><img src=\"https:\/\/www.coachwp.fr\/l-oreal\/wp-content\/uploads\/2025\/05\/panneaux-solaires-site-Vichy-de-LOreal-1024x576.jpg\" alt=\"Panneaux solaires install\u00e9s au dessus d'un parking chez L'Or\u00e9al\" class=\"wp-image-4357\"\/><figcaption class=\"wp-element-caption\">Installation de panneaux solaires sur le site de L'Or\u00e9al \u00e0 Vichy<\/figcaption><\/figure>\n<!-- \/wp:image -->\n\n<!-- wp:spacer {\"height\":\"38px\"} -->\n<div style=\"height:38px\" aria-hidden=\"true\" class=\"wp-block-spacer\"><\/div>\n<!-- \/wp:spacer -->\n\n<!-- wp:paragraph -->\n<p>En ce qui concerne le scope 3 (\u00e9missions indirectes li\u00e9es \u00e0 la cha\u00eene de valeur), L\u2019Or\u00e9al mobilise ses 35 000 entreprises partenaires, notamment \u00e0 travers le fonds <em>Solstice<\/em> de 50 millions d\u2019euros pour soutenir leurs projets de d\u00e9carbonation. De plus, sa division Produits Professionnels accompagne les salons de coiffure dans leur transition \u00e9cologique via le programme <em>Coiffeurs pour le Futur<\/em>.<\/p>\n<!-- \/wp:paragraph -->\n\n<!-- wp:image {\"id\":1380,\"sizeSlug\":\"full\",\"linkDestination\":\"none\",\"align\":\"center\"} -->\n<figure class=\"wp-block-image aligncenter size-full\"><img src=\"https:\/\/www.coachwp.fr\/l-oreal\/wp-content\/uploads\/2025\/05\/image-2.png\" alt=\"L'Or\u00e9al s'engage pour l'environnement : Emissions de gaz \u00e0 effet de serre par L'Or\u00e9al en 2024\nCr\u00e9dit : Carole Balloud\" class=\"wp-image-1380\"\/><figcaption class=\"wp-element-caption\">Comparaison des \u00e9missions de gaz \u00e0 effet de serre de L\u2019Or\u00e9al (scopes 1, 2 et 3) entre 2019 et 2024<\/figcaption><\/figure>\n<!-- \/wp:image -->\n\n<!-- wp:spacer {\"height\":\"38px\"} -->\n<div style=\"height:38px\" aria-hidden=\"true\" class=\"wp-block-spacer\"><\/div>\n<!-- \/wp:spacer --><\/details>\n<!-- \/wp:details -->\n\n<!-- wp:details {\"style\":{\"typography\":{\"fontSize\":\"15px\"}}} -->\n<details class=\"wp-block-details\" style=\"font-size:15px\"><summary><strong>Les zones grise de L\u2019Or\u00e9al<\/strong><br><\/summary><!-- wp:heading {\"style\":{\"elements\":{\"link\":{\"color\":{\"text\":\"var:preset|color|white\"}}}},\"textColor\":\"white\"} -->\n<h2 class=\"wp-block-heading has-white-color has-text-color has-link-color\">Les zones grises de L'Or\u00e9al<\/h2>\n<!-- \/wp:heading -->\n\n<!-- wp:paragraph {\"placeholder\":\"Saisissez \/ pour ajouter un bloc masqu\u00e9\"} -->\n<p>L\u2019Or\u00e9al s\u2019engage pour l\u2019environnement, mais cette d\u00e9marche reste cependant limit\u00e9 par les contraintes li\u00e9es \u00e0 la production cosm\u00e9tique. En effet, la chimie verte reste en grande partie appliqu\u00e9e aux produits haut de gamme ou aux marques de luxe, comme, par exemple, les gammes \u00e0 base de rose chez Lanc\u00f4me. Les produits destin\u00e9s au grand public, quant \u00e0 eux, ne b\u00e9n\u00e9ficient que tr\u00e8s peu de ces avanc\u00e9es. Ainsi, selon le communiqu\u00e9 de presse du 4 mars 2021, 29% des ingr\u00e9dients utilis\u00e9s ont \u00e9t\u00e9 \u00e9labor\u00e9s selon les principes de la chimie verte.&nbsp;<\/p>\n<!-- \/wp:paragraph -->\n\n<!-- wp:heading -->\n<h2 class=\"wp-block-heading\">Des produits plus vertueux\u2026mais pas sans PFAS<\/h2>\n<!-- \/wp:heading -->\n\n<!-- wp:paragraph -->\n<p>Les&nbsp;<a href=\"https:\/\/www.coachwp.fr\/l-oreal\/glossaire#pfas\" target=\"_blank\" rel=\"noreferrer noopener\">PFAS<\/a>&nbsp;constituent un d\u00e9fi majeur pour l\u2019entreprise. Pour rappel, ces substances sont des polluants \u00e9ternels. Ils posent un grave probl\u00e8me sanitaire et environnemental en raison de leur persistance dans les milieux naturels, de leur bioaccumulation et de leurs effets potentiellement toxiques sur la sant\u00e9 humaine.&nbsp;Ils sont souvent utilis\u00e9es dans des produits cosm\u00e9tiques longue tenue et r\u00e9sistants \u00e0 l\u2019eau, comme certains fonds de teint, mascaras waterproof, rouges \u00e0 l\u00e8vres.<\/p>\n<!-- \/wp:paragraph -->\n\n<!-- wp:paragraph -->\n<p>Une enqu\u00eate publi\u00e9e 2024 par le m\u00e9dia en ligne&nbsp;<em>Vert<\/em>&nbsp;a r\u00e9v\u00e9l\u00e9 l\u2019utilisation de PFAS par L\u2019Or\u00e9al. En r\u00e9action, la marque a modifi\u00e9 la composition de ses produits en retirant ces substances de ses listes d\u2019ingr\u00e9dients. Une page d\u00e9di\u00e9e sur son site internet affirme d\u00e9sormais que \u00ab&nbsp;100% des formules L\u2019Or\u00e9al seront sans PFAS d\u2019ici fin 2024&nbsp;\u00bb.&nbsp;<\/p>\n<!-- \/wp:paragraph -->\n\n<!-- wp:heading -->\n<h2 class=\"wp-block-heading\">Des protections solaires\u2026mais pas pour l\u2019environnement?<\/h2>\n<!-- \/wp:heading -->\n\n<!-- wp:paragraph -->\n<p>Les cr\u00e8mes solaires constituent une autre zone grise pour l\u2019industrie cosm\u00e9tique. Certains filtres UV, comme l\u2019<a href=\"https:\/\/www.coachwp.fr\/l-oreal\/glossaire#oxybenzone\" target=\"_blank\" rel=\"noreferrer noopener\">oxybenzone<\/a>&nbsp;ou l\u2019<a href=\"https:\/\/www.coachwp.fr\/l-oreal\/glossaire#octocrylene\" target=\"_blank\" rel=\"noreferrer noopener\">octocryl\u00e8ne<\/a>, sont accus\u00e9s d\u2019endommager les \u00e9cosyst\u00e8mes marins. L\u2019Or\u00e9al affirme que ses produits sont formul\u00e9s pour \u00eatre respectueux de l\u2019environnement aquatique (notamment la gamme Anthelios de sa marque La Roche-Posay) et collabore avec le centre scientifique de Monaco sur ce sujet. Toutefois, une \u00e9tude men\u00e9e par l\u2019entreprise en 2019 a \u00e9t\u00e9 contest\u00e9e par des chercheurs ind\u00e9pendants, qui soulignent des conflits d\u2019int\u00e9r\u00eats et l\u2019absence de consensus scientifique.<\/p>\n<!-- \/wp:paragraph -->\n\n<!-- wp:paragraph {\"placeholder\":\"Saisissez \/ pour ajouter un bloc masqu\u00e9\"} -->\n<p>Si L\u2019Or\u00e9al s\u2019engage pour l\u2019environnement, l\u2019entreprise suscite des interrogations quant \u00e0 la coh\u00e9rence de certaines de ses pratiques en mati\u00e8re de communication et de marketing. En avril 2025, L\u2019Or\u00e9al a d\u00e9clench\u00e9 des critiques en envoyant des blocs de glace contenant des produits de sa gamme antirides Revitalift \u00e0 une trentaine d\u2019influenceurs en r\u00e9gion parisienne. Cette op\u00e9ration visait \u00e0 cr\u00e9er un effet spectaculaire sur les r\u00e9seaux sociaux, les destinataires \u00e9tant invit\u00e9s \u00e0 briser la glace pour d\u00e9couvrir les produits (<a href=\"https:\/\/www.youtube.com\/shorts\/cudCzKVKzBc?feature=share\" target=\"_blank\" rel=\"noreferrer noopener\">lien vers la vid\u00e9o<\/a>).<\/p>\n<!-- \/wp:paragraph -->\n\n<!-- wp:spacer {\"height\":\"37px\"} -->\n<div style=\"height:37px\" aria-hidden=\"true\" class=\"wp-block-spacer\"><\/div>\n<!-- \/wp:spacer --><\/details>\n<!-- \/wp:details -->\n\n<!-- wp:details {\"style\":{\"typography\":{\"fontSize\":\"15px\"}}} -->\n<details class=\"wp-block-details\" style=\"font-size:15px\"><summary><strong>Pr\u00e9server la biodiversit\u00e9, une n\u00e9cessit\u00e9 strat\u00e9gique pour L\u2019Or\u00e9al<\/strong><br><\/summary><!-- wp:heading {\"style\":{\"elements\":{\"link\":{\"color\":{\"text\":\"var:preset|color|white\"}}}},\"textColor\":\"white\"} -->\n<h2 class=\"wp-block-heading has-white-color has-text-color has-link-color\">Pr\u00e9server la biodiversit\u00e9, une n\u00e9cessit\u00e9 strat\u00e9gique pour L'Or\u00e9al<\/h2>\n<!-- \/wp:heading -->\n\n<!-- wp:paragraph {\"placeholder\":\"Saisissez \/ pour ajouter un bloc masqu\u00e9\"} -->\n<p>Face \u00e0 l\u2019urgence climatique et \u00e0 une demande croissante des consommateurs pour des produits plus durables, L'Or\u00e9al s'engage pour l'environnement \u00e0 travers une multitude d'initiatives. Ces efforts ne rel\u00e8vent pas seulement d\u2019un engagement \u00e9thique, mais aussi d\u2019un imp\u00e9ratif strat\u00e9gique : 54% des mati\u00e8res premi\u00e8res utilis\u00e9es par le groupe sont d\u2019origine naturelle, un capital biologique que l\u2019entreprise doit prot\u00e9ger pour garantir la p\u00e9rennit\u00e9 de son activit\u00e9.<\/p>\n<!-- \/wp:paragraph -->\n\n<!-- wp:paragraph {\"placeholder\":\"Saisissez \/ pour ajouter un bloc masqu\u00e9\"} -->\n<p>En 2024, L\u2019Or\u00e9al a utilis\u00e9 306 477 tonnes de mati\u00e8res premi\u00e8res selon son Document d'enregistrement universel, soulignant l\u2019ampleur de ses besoins. Pour r\u00e9pondre \u00e0 ces enjeux, le groupe s\u2019est engag\u00e9 \u00e0 ce que 95% de ses mati\u00e8res premi\u00e8res proviennent d\u2019ici 2030 de sources renouvelables issues de la biotechnologie, du recyclage ou de l\u2019\u00e9conomie circulaire. Fin 2023, 65% de ces objectifs \u00e9taient d\u00e9j\u00e0 atteints.&nbsp;<\/p>\n<!-- \/wp:paragraph -->\n\n<!-- wp:spacer {\"height\":\"37px\"} -->\n<div style=\"height:37px\" aria-hidden=\"true\" class=\"wp-block-spacer\"><\/div>\n<!-- \/wp:spacer --><\/details>\n<!-- \/wp:details -->\n\n<!-- wp:details -->\n<details class=\"wp-block-details\"><summary><strong>Sources<\/strong><\/summary><!-- wp:heading {\"style\":{\"elements\":{\"link\":{\"color\":{\"text\":\"var:preset|color|white\"}}}},\"textColor\":\"white\"} -->\n<h2 class=\"wp-block-heading has-white-color has-text-color has-link-color\">Sources<\/h2>\n<!-- \/wp:heading -->\n\n<!-- wp:paragraph {\"placeholder\":\"Saisissez \/ pour ajouter un bloc masqu\u00e9\"} -->\n<p>ANSES (2024, 4 avril). <em>PFAS : des substances chimiques tr\u00e8s persistantes<\/em>. <a href=\"https:\/\/www.anses.fr\/fr\/content\/pfas-substances-chimiques-persistantes\" target=\"_blank\" rel=\"noreferrer noopener\">h<\/a><a href=\"ttps:\/\/www.anses.fr\/fr\/content\/pfas-substances-chimiques-persistantes\" target=\"_blank\" rel=\"noreferrer noopener\">ttps:\/\/www.anses.fr\/fr\/content\/pfas-substances-chimiques-persistantes<\/a><\/p>\n<!-- \/wp:paragraph -->\n\n<!-- wp:paragraph -->\n<p>BPI France (2024, 9 janvier). <em>Chimie verte : d\u00e9finition, principes, exemples d'entreprise<\/em>. <a href=\"https:\/\/bigmedia.bpifrance.fr\/nos-dossiers\/chimie-verte-definition-principes-exemples-dentreprise\" target=\"_blank\" rel=\"noreferrer noopener\"> https:\/\/bigmedia.bpifrance.fr\/nos-dossiers\/chimie-verte-definition-principes-exemples-dentreprise<\/a><\/p>\n<!-- \/wp:paragraph -->\n\n<!-- wp:paragraph -->\n<p>Hieronimus, N. (2024, 16 d\u00e9cembre). <em>La lettre de l\u2019expansion <\/em>(p. 7) [Europresse].<\/p>\n<!-- \/wp:paragraph -->\n\n<!-- wp:paragraph -->\n<p>Coignard, H. (2024, 22 octobre). PFAS dans les cosm\u00e9tiques&nbsp;: les r\u00e9actions des industriels apr\u00e8s nos r\u00e9v\u00e9lations. <em>VERT<\/em>. <a href=\"https:\/\/vert.eco\/articles\/pfas-dans-les-cosmetiques-les-reactions-des-industriels-apres-nos-revelations\" target=\"_blank\" rel=\"noreferrer noopener\">https:\/\/vert.eco\/articles\/pfas-dans-les-cosmetiques-les-reactions-des-industriels-apres-nos-revelations<\/a><\/p>\n<!-- \/wp:paragraph -->\n\n<!-- wp:paragraph -->\n<p>Coignard, H. (2024, 7 octobre). L\u2019Or\u00e9al, Lanc\u00f4me, Kiko\u2026 ces marques qui utilisent des \u00abpolluants \u00e9ternels\u00bb dans leurs cosm\u00e9tiques. <em>VERT<\/em>. <a href=\"https:\/\/vert.eco\/articles\/loreal-lancome-kiko-ces-marques-qui-utilisent-des-polluants-eternels-dans-leurs-cosmetiques\" target=\"_blank\" rel=\"noreferrer noopener\">https:\/\/vert.eco\/articles\/loreal-lancome-kiko-ces-marques-qui-utilisent-des-polluants-eternels-dans-leurs-cosmetiques<\/a><\/p>\n<!-- \/wp:paragraph -->\n\n<!-- wp:paragraph -->\n<p>Lanc\u00f4me (2023). <em>Rapport d\u2019avancement d\u00e9veloppement durable 2023<\/em>. <a href=\"https:\/\/www.lancome.fr\/on\/demandware.static\/-\/Sites-lancome-fr-v2-Library\/fr_FR\/v92e712565cab632804227812a1bf419c29dc10ad\/files\/LANCOME_Rapport2023_FR.pdf\" target=\"_blank\" rel=\"noreferrer noopener\">https:\/\/www.lancome.fr\/on\/demandware.static\/-\/Sites-lancome-fr-v2-Library\/fr_FR\/v92e712565cab632804227812a1bf419c29dc10ad\/files\/LANCOME_Rapport2023_FR.pdf<\/a><\/p>\n<!-- \/wp:paragraph -->\n\n<!-- wp:paragraph -->\n<p>Le coup de com glac\u00e9 de L'Or\u00e9al (2025, 25 avril). <em>L\u2019Humanit\u00e9<\/em> (p. 5) [Europresse].<\/p>\n<!-- \/wp:paragraph -->\n\n<!-- wp:paragraph -->\n<p>Lescuyer, T. (2020, 15 f\u00e9vrier). Corail et cr\u00e8mes solaires : L'Or\u00e9al filtre le d\u00e9bat. <em>La Tribune <\/em>(p. 111) [Europresse].<\/p>\n<!-- \/wp:paragraph -->\n\n<!-- wp:paragraph -->\n<p>Le Theuf, M. (2024, 5 octobre). L'Or\u00e9al ouvre les portes de son pack lab. <em>CosmetiqueMag <\/em>(p. 12-13) [Europresse].<\/p>\n<!-- \/wp:paragraph -->\n\n<!-- wp:paragraph -->\n<p>L\u2019Or\u00e9al (2024). <em>Document d\u2019enregistrement universel 2024<\/em>. <a href=\"https:\/\/www.loreal-finance.com\/system\/files\/2025-03\/Document_denregistrement_universel_2024_LOREAL.pdf\" target=\"_blank\" rel=\"noreferrer noopener\">https:\/\/www.loreal-finance.com\/system\/files\/2025-03\/Document_denregistrement_universel_2024_LOREAL.pdf<\/a><\/p>\n<!-- \/wp:paragraph -->\n\n<!-- wp:paragraph -->\n<p>L\u2019Or\u00e9al. <em>Est-ce que les filtres UV dans les cosm\u00e9tiques ont un effet sur les coraux&nbsp;? <\/em><a href=\"https:\/\/www.loreal.com\/fr\/news\/research-innovation\/estceque-les-filtres-uv-dans-les-cosmetiques-ont-un-effet-sur-les-coraux\" target=\"_blank\" rel=\"noreferrer noopener\">https:\/\/www.loreal.com\/fr\/news\/research-innovation\/estceque-les-filtres-uv-dans-les-cosmetiques-ont-un-effet-sur-les-coraux<\/a><\/p>\n<!-- \/wp:paragraph -->\n\n<!-- wp:paragraph -->\n<p>L\u2019Or\u00e9al. <em>La chimie verte, l\u2019avenir de la beaut\u00e9<\/em>. <a href=\"https:\/\/www.loreal.com\/fr\/articles\/research-innovation\/la-chimie-verte-l-avenir-de-la-beaute\/\" target=\"_blank\" rel=\"noreferrer noopener\">https:\/\/w<\/a><a href=\"https:\/\/www.loreal.com\/fr\/articles\/research-innovation\/la-chimie-verte-l-avenir-de-la-beaute\/\">ww.loreal.com\/fr\/articles\/research-innovation\/la-chimie-verte-l-avenir-de-la-beaute\/<\/a><\/p>\n<!-- \/wp:paragraph -->\n\n<!-- wp:paragraph -->\n<p>L\u2019Or\u00e9al. <em>Solarisation de l\u2019usine de Vichy<\/em>. <a href=\"https:\/\/www.loreal.com\/fr\/france\/articles\/commitments\/lusine-loreal-de-vichy-met-en-service-son-projet-de-solarisation\/\">https:\/\/www.loreal.com\/fr\/france\/articles\/commitments\/lusine-loreal-de-vichy-met-en-service-son-projet-de-solarisation\/<\/a><\/p>\n<!-- \/wp:paragraph -->\n\n<!-- wp:paragraph -->\n<p>L\u2019Or\u00e9al innove pour le d\u00e9veloppement durable (2022, 3 f\u00e9vrier). <em>L\u2019Usine nouvelle<\/em> [Europresse].<\/p>\n<!-- \/wp:paragraph -->\n\n<!-- wp:paragraph -->\n<p>L\u2019Or\u00e9al \u00e0 libramont - Une usine du futur tr\u00e8s nature (2024, 25 septembre). <em>L\u2019Avenir<\/em> (p. 17) [Europresse].<\/p>\n<!-- \/wp:paragraph -->\n\n<!-- wp:paragraph -->\n<p>L\u2019Or\u00e9al Libramont&nbsp;: l\u2019usine qui ne perd pas une seule goutte d\u2019eau. (2024, 20 ao\u00fbt). <em>Le journal des fluides <\/em>(p. 16-18) [Europresse].<\/p>\n<!-- \/wp:paragraph -->\n\n<!-- wp:paragraph -->\n<p>Roussel, J. (2024, 25 septembre). A Rambouillet, l'usine DOP, vitrine des ambitions environnementales de L'Or\u00e9al. <em>Les Echos<\/em> [Europresse].<\/p>\n<!-- \/wp:paragraph -->\n\n<!-- wp:paragraph -->\n<p>Sorbonne Universit\u00e9. (2019, 21 janvier). <em>Les coraux menac\u00e9s par nos cr\u00e8mes solaires<\/em>. <a href=\"https:\/\/www.sorbonne-universite.fr\/actualites\/les-coraux-menaces-par-nos-cremes-solaires?\" target=\"_blank\" rel=\"noreferrer noopener\">https:\/\/www.sorbonne-universite.fr\/actualites\/les-coraux-menaces-par-nos-cremes-solaires?<\/a><\/p>\n<!-- \/wp:paragraph -->\n\n<!-- wp:paragraph -->\n<p>Tech, IA et durabilit\u00e9 s'invitent \u00e0 VivaTech 2024 : voici les avanc\u00e9es impressionnantes en BeautyTech de L'Or\u00e9al (2024, 23 mai). <em>Sciences et Vie<\/em> [Europresse].<\/p>\n<!-- \/wp:paragraph -->\n\n<!-- wp:paragraph {\"placeholder\":\"Saisissez \/ pour ajouter un bloc masqu\u00e9\"} -->\n<p>Tchounand, R. (2025, 15 mars). Au Maroc, L'Or\u00e9al \u00e0 fond dans sa strat\u00e9gie de beaut\u00e9 responsable. <em>La Tribune <\/em>(p. 82) [Europresse].<\/p>\n<!-- \/wp:paragraph --><\/details>\n<!-- \/wp:details -->","_et_gb_content_width":"","footnotes":""},"categories":[13],"tags":[],"class_list":["post-319","post","type-post","status-publish","format-standard","hentry","category-environnement"],"yoast_head":"<!-- This site is optimized with the Yoast SEO plugin v24.9 - https:\/\/yoast.com\/wordpress\/plugins\/seo\/ -->\n<title>L&#039;Or\u00e9al s&#039;engage pour l&#039;environnement - L&#039;Or\u00e9al<\/title>\n<meta name=\"description\" content=\"L\u2019Or\u00e9al s\u2019engage pour l\u2019environnement : focus sur ses actions concr\u00e8tes pour r\u00e9duire son empreinte carbone et verdir sa cha\u00eene de valeur.\" \/>\n<meta name=\"robots\" content=\"noindex, follow, max-snippet:-1, max-image-preview:large, max-video-preview:-1\" \/>\n<meta property=\"og:locale\" content=\"fr_FR\" \/>\n<meta property=\"og:type\" content=\"article\" \/>\n<meta property=\"og:title\" content=\"L&#039;Or\u00e9al s&#039;engage pour l&#039;environnement - L&#039;Or\u00e9al\" \/>\n<meta property=\"og:description\" content=\"L\u2019Or\u00e9al s\u2019engage pour l\u2019environnement : focus sur ses actions concr\u00e8tes pour r\u00e9duire son empreinte carbone et verdir sa cha\u00eene de valeur.\" \/>\n<meta property=\"og:url\" content=\"https:\/\/www.coachwp.fr\/l-oreal\/2025\/05\/12\/loreal-sengage-pour-lenvironnement\/\" \/>\n<meta property=\"og:site_name\" content=\"L&#039;Or\u00e9al\" \/>\n<meta property=\"article:published_time\" content=\"2025-05-12T09:36:35+00:00\" \/>\n<meta property=\"article:modified_time\" content=\"2025-06-01T13:53:40+00:00\" \/>\n<meta property=\"og:image\" content=\"https:\/\/www.coachwp.fr\/l-oreal\/wp-content\/uploads\/2025\/05\/01_igfr7hd4.jpg\" \/>\n\t<meta property=\"og:image:width\" content=\"1600\" \/>\n\t<meta property=\"og:image:height\" content=\"953\" \/>\n\t<meta property=\"og:image:type\" content=\"image\/jpeg\" \/>\n<meta name=\"author\" content=\"carole balloud\" \/>\n<meta name=\"twitter:card\" content=\"summary_large_image\" \/>\n<meta name=\"twitter:label1\" content=\"\u00c9crit par\" \/>\n\t<meta name=\"twitter:data1\" content=\"carole balloud\" \/>\n\t<meta name=\"twitter:label2\" content=\"Dur\u00e9e de lecture estim\u00e9e\" \/>\n\t<meta name=\"twitter:data2\" content=\"10 minutes\" \/>\n<script type=\"application\/ld+json\" class=\"yoast-schema-graph\">{\"@context\":\"https:\/\/schema.org\",\"@graph\":[{\"@type\":\"WebPage\",\"@id\":\"https:\/\/www.coachwp.fr\/l-oreal\/2025\/05\/12\/loreal-sengage-pour-lenvironnement\/\",\"url\":\"https:\/\/www.coachwp.fr\/l-oreal\/2025\/05\/12\/loreal-sengage-pour-lenvironnement\/\",\"name\":\"L'Or\u00e9al s'engage pour l'environnement - L'Or\u00e9al\",\"isPartOf\":{\"@id\":\"https:\/\/www.coachwp.fr\/l-oreal\/#website\"},\"primaryImageOfPage\":{\"@id\":\"https:\/\/www.coachwp.fr\/l-oreal\/2025\/05\/12\/loreal-sengage-pour-lenvironnement\/#primaryimage\"},\"image\":{\"@id\":\"https:\/\/www.coachwp.fr\/l-oreal\/2025\/05\/12\/loreal-sengage-pour-lenvironnement\/#primaryimage\"},\"thumbnailUrl\":\"https:\/\/www.coachwp.fr\/l-oreal\/wp-content\/uploads\/2025\/05\/01_igfr7hd4.jpg\",\"datePublished\":\"2025-05-12T09:36:35+00:00\",\"dateModified\":\"2025-06-01T13:53:40+00:00\",\"author\":{\"@id\":\"https:\/\/www.coachwp.fr\/l-oreal\/#\/schema\/person\/b50123e7cddc89331e24d0417209fd8b\"},\"description\":\"L\u2019Or\u00e9al s\u2019engage pour l\u2019environnement : focus sur ses actions concr\u00e8tes pour r\u00e9duire son empreinte carbone et verdir sa cha\u00eene de valeur.\",\"breadcrumb\":{\"@id\":\"https:\/\/www.coachwp.fr\/l-oreal\/2025\/05\/12\/loreal-sengage-pour-lenvironnement\/#breadcrumb\"},\"inLanguage\":\"fr-FR\",\"potentialAction\":[{\"@type\":\"ReadAction\",\"target\":[\"https:\/\/www.coachwp.fr\/l-oreal\/2025\/05\/12\/loreal-sengage-pour-lenvironnement\/\"]}]},{\"@type\":\"ImageObject\",\"inLanguage\":\"fr-FR\",\"@id\":\"https:\/\/www.coachwp.fr\/l-oreal\/2025\/05\/12\/loreal-sengage-pour-lenvironnement\/#primaryimage\",\"url\":\"https:\/\/www.coachwp.fr\/l-oreal\/wp-content\/uploads\/2025\/05\/01_igfr7hd4.jpg\",\"contentUrl\":\"https:\/\/www.coachwp.fr\/l-oreal\/wp-content\/uploads\/2025\/05\/01_igfr7hd4.jpg\",\"width\":1600,\"height\":953,\"caption\":\"bird's eye view photograph of green mountains\"},{\"@type\":\"BreadcrumbList\",\"@id\":\"https:\/\/www.coachwp.fr\/l-oreal\/2025\/05\/12\/loreal-sengage-pour-lenvironnement\/#breadcrumb\",\"itemListElement\":[{\"@type\":\"ListItem\",\"position\":1,\"name\":\"Accueil\",\"item\":\"https:\/\/www.coachwp.fr\/l-oreal\/\"},{\"@type\":\"ListItem\",\"position\":2,\"name\":\"L&rsquo;Or\u00e9al s&rsquo;engage pour l&rsquo;environnement\"}]},{\"@type\":\"WebSite\",\"@id\":\"https:\/\/www.coachwp.fr\/l-oreal\/#website\",\"url\":\"https:\/\/www.coachwp.fr\/l-oreal\/\",\"name\":\"L'Or\u00e9al\",\"description\":\"DDSE\",\"potentialAction\":[{\"@type\":\"SearchAction\",\"target\":{\"@type\":\"EntryPoint\",\"urlTemplate\":\"https:\/\/www.coachwp.fr\/l-oreal\/?s={search_term_string}\"},\"query-input\":{\"@type\":\"PropertyValueSpecification\",\"valueRequired\":true,\"valueName\":\"search_term_string\"}}],\"inLanguage\":\"fr-FR\"},{\"@type\":\"Person\",\"@id\":\"https:\/\/www.coachwp.fr\/l-oreal\/#\/schema\/person\/b50123e7cddc89331e24d0417209fd8b\",\"name\":\"carole balloud\",\"image\":{\"@type\":\"ImageObject\",\"inLanguage\":\"fr-FR\",\"@id\":\"https:\/\/www.coachwp.fr\/l-oreal\/#\/schema\/person\/image\/\",\"url\":\"https:\/\/secure.gravatar.com\/avatar\/4e28f6256449013dca4d441d6101bd12e6cf7259bbbb396e68e9bceb39ad7f99?s=96&d=mm&r=g\",\"contentUrl\":\"https:\/\/secure.gravatar.com\/avatar\/4e28f6256449013dca4d441d6101bd12e6cf7259bbbb396e68e9bceb39ad7f99?s=96&d=mm&r=g\",\"caption\":\"carole balloud\"},\"url\":\"https:\/\/www.coachwp.fr\/l-oreal\/author\/carole-balloudgmail-com\/\"}]}<\/script>\n<!-- \/ Yoast SEO plugin. -->","yoast_head_json":{"title":"L'Or\u00e9al s'engage pour l'environnement - L'Or\u00e9al","description":"L\u2019Or\u00e9al s\u2019engage pour l\u2019environnement : focus sur ses actions concr\u00e8tes pour r\u00e9duire son empreinte carbone et verdir sa cha\u00eene de valeur.","robots":{"index":"noindex","follow":"follow","max-snippet":"max-snippet:-1","max-image-preview":"max-image-preview:large","max-video-preview":"max-video-preview:-1"},"og_locale":"fr_FR","og_type":"article","og_title":"L'Or\u00e9al s'engage pour l'environnement - L'Or\u00e9al","og_description":"L\u2019Or\u00e9al s\u2019engage pour l\u2019environnement : focus sur ses actions concr\u00e8tes pour r\u00e9duire son empreinte carbone et verdir sa cha\u00eene de valeur.","og_url":"https:\/\/www.coachwp.fr\/l-oreal\/2025\/05\/12\/loreal-sengage-pour-lenvironnement\/","og_site_name":"L'Or\u00e9al","article_published_time":"2025-05-12T09:36:35+00:00","article_modified_time":"2025-06-01T13:53:40+00:00","og_image":[{"width":1600,"height":953,"url":"https:\/\/www.coachwp.fr\/l-oreal\/wp-content\/uploads\/2025\/05\/01_igfr7hd4.jpg","type":"image\/jpeg"}],"author":"carole balloud","twitter_card":"summary_large_image","twitter_misc":{"\u00c9crit par":"carole balloud","Dur\u00e9e de lecture estim\u00e9e":"10 minutes"},"schema":{"@context":"https:\/\/schema.org","@graph":[{"@type":"WebPage","@id":"https:\/\/www.coachwp.fr\/l-oreal\/2025\/05\/12\/loreal-sengage-pour-lenvironnement\/","url":"https:\/\/www.coachwp.fr\/l-oreal\/2025\/05\/12\/loreal-sengage-pour-lenvironnement\/","name":"L'Or\u00e9al s'engage pour l'environnement - L'Or\u00e9al","isPartOf":{"@id":"https:\/\/www.coachwp.fr\/l-oreal\/#website"},"primaryImageOfPage":{"@id":"https:\/\/www.coachwp.fr\/l-oreal\/2025\/05\/12\/loreal-sengage-pour-lenvironnement\/#primaryimage"},"image":{"@id":"https:\/\/www.coachwp.fr\/l-oreal\/2025\/05\/12\/loreal-sengage-pour-lenvironnement\/#primaryimage"},"thumbnailUrl":"https:\/\/www.coachwp.fr\/l-oreal\/wp-content\/uploads\/2025\/05\/01_igfr7hd4.jpg","datePublished":"2025-05-12T09:36:35+00:00","dateModified":"2025-06-01T13:53:40+00:00","author":{"@id":"https:\/\/www.coachwp.fr\/l-oreal\/#\/schema\/person\/b50123e7cddc89331e24d0417209fd8b"},"description":"L\u2019Or\u00e9al s\u2019engage pour l\u2019environnement : focus sur ses actions concr\u00e8tes pour r\u00e9duire son empreinte carbone et verdir sa cha\u00eene de valeur.","breadcrumb":{"@id":"https:\/\/www.coachwp.fr\/l-oreal\/2025\/05\/12\/loreal-sengage-pour-lenvironnement\/#breadcrumb"},"inLanguage":"fr-FR","potentialAction":[{"@type":"ReadAction","target":["https:\/\/www.coachwp.fr\/l-oreal\/2025\/05\/12\/loreal-sengage-pour-lenvironnement\/"]}]},{"@type":"ImageObject","inLanguage":"fr-FR","@id":"https:\/\/www.coachwp.fr\/l-oreal\/2025\/05\/12\/loreal-sengage-pour-lenvironnement\/#primaryimage","url":"https:\/\/www.coachwp.fr\/l-oreal\/wp-content\/uploads\/2025\/05\/01_igfr7hd4.jpg","contentUrl":"https:\/\/www.coachwp.fr\/l-oreal\/wp-content\/uploads\/2025\/05\/01_igfr7hd4.jpg","width":1600,"height":953,"caption":"bird's eye view photograph of green mountains"},{"@type":"BreadcrumbList","@id":"https:\/\/www.coachwp.fr\/l-oreal\/2025\/05\/12\/loreal-sengage-pour-lenvironnement\/#breadcrumb","itemListElement":[{"@type":"ListItem","position":1,"name":"Accueil","item":"https:\/\/www.coachwp.fr\/l-oreal\/"},{"@type":"ListItem","position":2,"name":"L&rsquo;Or\u00e9al s&rsquo;engage pour l&rsquo;environnement"}]},{"@type":"WebSite","@id":"https:\/\/www.coachwp.fr\/l-oreal\/#website","url":"https:\/\/www.coachwp.fr\/l-oreal\/","name":"L'Or\u00e9al","description":"DDSE","potentialAction":[{"@type":"SearchAction","target":{"@type":"EntryPoint","urlTemplate":"https:\/\/www.coachwp.fr\/l-oreal\/?s={search_term_string}"},"query-input":{"@type":"PropertyValueSpecification","valueRequired":true,"valueName":"search_term_string"}}],"inLanguage":"fr-FR"},{"@type":"Person","@id":"https:\/\/www.coachwp.fr\/l-oreal\/#\/schema\/person\/b50123e7cddc89331e24d0417209fd8b","name":"carole balloud","image":{"@type":"ImageObject","inLanguage":"fr-FR","@id":"https:\/\/www.coachwp.fr\/l-oreal\/#\/schema\/person\/image\/","url":"https:\/\/secure.gravatar.com\/avatar\/4e28f6256449013dca4d441d6101bd12e6cf7259bbbb396e68e9bceb39ad7f99?s=96&d=mm&r=g","contentUrl":"https:\/\/secure.gravatar.com\/avatar\/4e28f6256449013dca4d441d6101bd12e6cf7259bbbb396e68e9bceb39ad7f99?s=96&d=mm&r=g","caption":"carole balloud"},"url":"https:\/\/www.coachwp.fr\/l-oreal\/author\/carole-balloudgmail-com\/"}]}},"_links":{"self":[{"href":"https:\/\/www.coachwp.fr\/l-oreal\/wp-json\/wp\/v2\/posts\/319","targetHints":{"allow":["GET"]}}],"collection":[{"href":"https:\/\/www.coachwp.fr\/l-oreal\/wp-json\/wp\/v2\/posts"}],"about":[{"href":"https:\/\/www.coachwp.fr\/l-oreal\/wp-json\/wp\/v2\/types\/post"}],"author":[{"embeddable":true,"href":"https:\/\/www.coachwp.fr\/l-oreal\/wp-json\/wp\/v2\/users\/3"}],"replies":[{"embeddable":true,"href":"https:\/\/www.coachwp.fr\/l-oreal\/wp-json\/wp\/v2\/comments?post=319"}],"version-history":[{"count":344,"href":"https:\/\/www.coachwp.fr\/l-oreal\/wp-json\/wp\/v2\/posts\/319\/revisions"}],"predecessor-version":[{"id":4763,"href":"https:\/\/www.coachwp.fr\/l-oreal\/wp-json\/wp\/v2\/posts\/319\/revisions\/4763"}],"wp:attachment":[{"href":"https:\/\/www.coachwp.fr\/l-oreal\/wp-json\/wp\/v2\/media?parent=319"}],"wp:term":[{"taxonomy":"category","embeddable":true,"href":"https:\/\/www.coachwp.fr\/l-oreal\/wp-json\/wp\/v2\/categories?post=319"},{"taxonomy":"post_tag","embeddable":true,"href":"https:\/\/www.coachwp.fr\/l-oreal\/wp-json\/wp\/v2\/tags?post=319"}],"curies":[{"name":"wp","href":"https:\/\/api.w.org\/{rel}","templated":true}]}}