{"id":314,"date":"2025-05-12T09:27:54","date_gmt":"2025-05-12T09:27:54","guid":{"rendered":"https:\/\/www.coachwp.fr\/l-oreal\/?p=314"},"modified":"2025-05-31T12:28:29","modified_gmt":"2025-05-31T12:28:29","slug":"emancipation-des-femmes-l-oreal-s-engage","status":"publish","type":"post","link":"https:\/\/www.coachwp.fr\/l-oreal\/2025\/05\/12\/emancipation-des-femmes-l-oreal-s-engage\/","title":{"rendered":"\u00c9MANCIPATION DES FEMMES: L\u2019OR\u00c9AL S\u2019ENGAGE ET AGIT"},"content":{"rendered":"<h2 class=\"wp-block-heading\">Quand le leader mondial de l&rsquo;industrie cosm&eacute;tique devient un soutien de poids pour les femmes<\/h2>\n\n\n\n<figure class=\"wp-block-image size-large\"><img loading=\"lazy\" decoding=\"async\" width=\"1024\" height=\"336\" src=\"https:\/\/www.coachwp.fr\/l-oreal\/wp-content\/uploads\/2025\/05\/LOreal-50-ans-dengagement-aux-cotes-des-femmes-1024x336.webp\" alt=\"&Eacute;mancipation des femmes - (c) L'Or&eacute;al - https:\/\/www.loreal.com\/fr\/articles\/brands\/loreal-paris-celebrating-womens-worth\/\" class=\"wp-image-4302\" srcset=\"https:\/\/www.coachwp.fr\/l-oreal\/wp-content\/uploads\/2025\/05\/LOreal-50-ans-dengagement-aux-cotes-des-femmes-980x322.webp 980w, https:\/\/www.coachwp.fr\/l-oreal\/wp-content\/uploads\/2025\/05\/LOreal-50-ans-dengagement-aux-cotes-des-femmes-480x158.webp 480w\" sizes=\"(min-width: 0px) and (max-width: 480px) 480px, (min-width: 481px) and (max-width: 980px) 980px, (min-width: 981px) 1024px, 100vw\"\/><figcaption class=\"wp-element-caption\">L&rsquo;Ore&#769;al 50 ans d&rsquo;engagement aux co&#770;te&#769;s des femmes<\/figcaption><\/figure>\n\n\n\n<p>Par ses nombreuses actions, L&rsquo;Or&eacute;al &oelig;uvre activement pour l&rsquo;&eacute;mancipation des femmes: que ce soit en focalisant son approche marketing, en combattant le harc&egrave;lement, en s&rsquo;engageant aupr&egrave;s des femmes scientifiques, ou encore en agissant contre les violences faites au femmes partout dans le monde.<\/p>\n\n\n\n<p><\/p>\n\n\n\n<h2 class=\"wp-block-heading\"><strong>L&rsquo;&eacute;mancipation des femmes, plus qu&rsquo;une question d&rsquo;image<\/strong><\/h2>\n\n\n\n<p>Marque de cosm&eacute;tique la plus r&eacute;pandue dans le monde, depuis 50 ans L&rsquo;Or&eacute;al est ind&eacute;niablement associ&eacute; &agrave; la f&eacute;minit&eacute;. Avec son slogan &laquo;&nbsp;Parce que je le vaux bien&nbsp;&raquo;, cr&eacute;&eacute; par <a href=\"https:\/\/www.coachwp.fr\/l-oreal\/historique\/#slogan\" target=\"_blank\" rel=\"noreferrer noopener\">Ilon Specht<\/a>, la marque se veut porteuse d&rsquo;un message puissant pour les femmes. Un symbole de confiance en soi et de r&eacute;silience. Pourtant on peut se demander comment une marque centr&eacute;e sur la beaut&eacute; f&eacute;minine soutient-elle r&eacute;ellement l&rsquo;&eacute;mancipation des femmes?&nbsp;D&rsquo;un point de vue marketing, L&rsquo;Or&eacute;al a rejoint depuis 2014 l&rsquo;<em>Unstereotype Alliance<\/em>. Ce programme, organis&eacute; par l&rsquo;ONU Femmes, a pour objectif d&rsquo;&eacute;radiquer les st&eacute;r&eacute;otypes dans la publicit&eacute; et les m&eacute;dias. S&rsquo;il est reproch&eacute; &agrave; la marque de s&rsquo;appuyer encore sur l&rsquo;image des femmes pour vendre ses produits, l&rsquo;entreprise utilise &eacute;galement les m&eacute;dias pour lutter contre les in&eacute;galit&eacute;s. En 2019, par exemple, elle lance une campagne pour d&eacute;noncer le <a href=\"https:\/\/lareclame.fr\/mccannworldwide-loreal-thisisanadformen-217618\" target=\"_blank\" rel=\"noreferrer noopener\">manque de femmes aux postes dirigeants<\/a>.<\/p>\n\n\n\n<p><\/p>\n\n\n\n<h2 class=\"wp-block-heading\"><strong><strong>Un programme d&rsquo;ampleur pour combattre le harc&egrave;lement<\/strong><\/strong><\/h2>\n\n\n\n<p>L&rsquo;Or&eacute;al utilise &eacute;galement les m&eacute;dias pour combattre activement le harc&egrave;lement de rue. En 2020, en partenariat avec <em>Right to Be<\/em> et la Fondation des Femmes, le groupe lance le programme international &laquo;<a href=\"https:\/\/www.standup-international.com\/fr\/fr\/\"> <\/a><em><a href=\"https:\/\/www.standup-international.com\/fr\/fr\/\" target=\"_blank\" rel=\"noreferrer noopener\">Stand Up <\/a><\/em>&raquo;. Cette initiative propose des formations pour apprendre &agrave; mieux appr&eacute;hender les situations de harc&egrave;lement. &Agrave; l&rsquo;&eacute;chelle fran&ccedil;aise, le g&eacute;ant s&rsquo;associe avec la <a href=\"https:\/\/fondationdesfemmes.org\/sengager\/se-former-contre-le-harcelement\/\" target=\"_blank\" rel=\"noreferrer noopener\">Fondation des Femmes.<\/a> Ensemble, ils m&egrave;nent des campagnes de sensibilisation dans les universit&eacute;s, sur les r&eacute;seaux sociaux et la t&eacute;l&eacute;vision. Des c&eacute;l&eacute;brit&eacute;s comme la chanteuse Yseult ou l&rsquo;animatrice Karine Lemarchand amplifient le message en relayant des vid&eacute;os mettant en sc&egrave;ne des situations de harc&egrave;lement.&nbsp;&nbsp;En 2025, le groupe intensifie son action avec une campagne d&rsquo;affichage percutante dans les rues et m&eacute;tros fran&ccedil;ais, rappelant que les victimes ne sont jamais responsables. L&rsquo;objectif : sensibiliser, prot&eacute;ger les femmes et encourager une mobilisation collective pour mettre fin au harc&egrave;lement de rue.<\/p>\n\n\n\n<p><\/p>\n\n\n\n<h2 class=\"wp-block-heading\"><strong>Avec l&rsquo;Unesco, un engagement aupr&egrave;s des femmes scientifiques&nbsp;<\/strong><\/h2>\n\n\n\n<p>L&rsquo;engagement pour l&rsquo;&eacute;mancipation des femmes de L&rsquo;Or&eacute;al ne se limite pas aux m&eacute;dias. Depuis 1998, l&rsquo;Unesco et L&rsquo;Or&eacute;al se sont associ&eacute;s pour cr&eacute;er le prix international UNESCO-L&rsquo;Or&eacute;al <em><a href=\"https:\/\/www.fondationloreal.com\/fr\/nos-programmes-pour-les-femmes-et-la-science\/prix-international-loreal-unesco\" target=\"_blank\" rel=\"noreferrer noopener\">Pour les Femmes et la Science<\/a><\/em>. Ce prix r&eacute;compense chaque ann&eacute;e des chercheuses pour l&rsquo;excellence de leurs travaux et leur impact dans les domaines des sciences. V&eacute;ritable acc&eacute;l&eacute;rateur de carri&egrave;re, chaque laur&eacute;ate re&ccedil;oit une dotation de 100 000 euros pour la poursuite de ses recherches, une formation en leadership et de nombreuses opportunit&eacute;s &agrave; l&rsquo;international. Depuis sa cr&eacute;ation, 137 laur&eacute;ates ont &eacute;t&eacute; r&eacute;compens&eacute;es. Certaines sont m&ecirc;me devenues laur&eacute;ates du prix Nobel, comme <a href=\"https:\/\/www.google.com\/search?gs_ssp=eJzj4tbP1TcwNEjPNkkpM2D04k_My0tVyFHPKM3MyclMLQIAhzsJjw&amp;q=anne+l%27huillier&amp;oq=Anne+l%27h&amp;gs_lcrp=EgZjaHJvbWUqBwgBEC4YgAQyCggAEAAY4wIYgAQyBwgBEC4YgAQyBggCEEUYOTIHCAMQABiABDIHCAQQABiABDINCAUQLhivARjHARiABDIHCAYQABiABDIHCAcQABiABDIHCAgQABiABDIHCAkQABiABNIBCTU3NDVqMGoxNagCCLACAfEFA9lQtNtVeFo&amp;sourceid=chrome&amp;ie=UTF-8\" target=\"_blank\" rel=\"noreferrer noopener\">Anne L&rsquo;Huillier <\/a>en 2023. Depuis 2007, avec le prix Jeunes Talents, le programme r&eacute;compense &eacute;galement les doctorantes et post-doctorantes pour l&rsquo;excellence de leurs travaux. En luttant contre les discriminations que les chercheuses peuvent rencontre, ce programme repr&eacute;sente un levier pour l&rsquo;&eacute;mancipation des femmes scientifiques et la reconnaissance de leur travail.<\/p>\n\n\n\n<h2 class=\"wp-block-heading\"><br><strong><strong>Agir pour offrir plus de s&eacute;curit&eacute; aux femmes dans le monde<\/strong><\/strong><\/h2>\n\n\n\n<p>Le chemin vers l&rsquo;&eacute;galit&eacute; est encore long car de nombreux d&eacute;fis persistent. En 2024, <a href=\"https:\/\/www.unwomen.org\/sites\/default\/files\/2025-04\/womens-rights-in-review-30-years-after-beijing-fr.pdf\" target=\"_blank\" rel=\"noreferrer noopener\">ONU Femmes<\/a> r&eacute;v&egrave;le que le nombre de femmes vivant dans l&rsquo;extr&ecirc;me pauvret&eacute; est sup&eacute;rieur de 24,3 millions &agrave; celui des hommes. Une femme sur trois est victime de violences physique et\/ou sexuelles au cours de sa vie. Elles sont &eacute;galement davantage cibl&eacute;es dans les zones de conflits. En r&eacute;action, L&rsquo;Or&eacute;al a mis en place, en 2020, le programme le &laquo;&nbsp;<a href=\"https:\/\/www.loreal.com\/fr\/news\/commitments\/loreal-fund-for-women\" target=\"_blank\" rel=\"noreferrer noopener\">Fonds&nbsp;L&rsquo;Or&eacute;al pour les Femmes&nbsp;<\/a>&raquo;. L&rsquo;objectif est de lutter contre les discriminations dont les femmes sont victimes partout dans le monde. L&rsquo;aide du g&eacute;ant fran&ccedil;ais se manifeste &agrave; travers l&rsquo;&eacute;ducation, la formation et l&rsquo;acc&egrave;s &agrave; des fonds de soutien &agrave; l&rsquo;entrepreneuriat. Par ses actions concr&egrave;tes, L&rsquo;Or&eacute;al se positionne comme un acteur majeur pour le progr&egrave;s social envers les femmes.&nbsp;<\/p>\n\n\n\n<p><\/p>\n\n\n\n<p><\/p>\n\n\n\n<p><\/p>\n\n\n\n<p><\/p>\n\n\n\n<hr class=\"wp-block-separator has-alpha-channel-opacity\">\n\n\n\n<h2 class=\"wp-block-heading\"><strong>Sources:<\/strong><\/h2>\n\n\n\n<p>BRANEA Silvia (2024, ao&ucirc;t). <em>Gender Stereotypes in Digital Advertising Case study: L&rsquo;Or&eacute;al<\/em>. <a href=\"https:\/\/www.researchgate.net\/publication\/382961175_Gender_Stereotypes_in_Digital_Advertising_Case_study_L'Oreal\" target=\"_blank\" rel=\"noreferrer noopener\">https:\/\/www.researchgate.net\/publication\/382961175_Gender_Stereotypes_in_Digital_Advertising_Case_study_L&rsquo;Oreal<\/a><\/p>\n\n\n\n<p>Fondation L&rsquo;Or&eacute;al (2024).<em> Prix International L&rsquo;Or&eacute;al-UNESCO.<\/em> <a href=\"https:\/\/www.fondationloreal.com\/fr\/nos-programmes-pour-les-femmes-et-la-science\/prix-international-loreal-unesco\" target=\"_blank\" rel=\"noreferrer noopener\">https:\/\/www.fondationloreal.com\/fr\/nos-programmes-pour-les-femmes-et-la-science\/prix-international-loreal-unesco<\/a><\/p>\n\n\n\n<p>Fondation des femmes (2021, 06 mai). <em>Se former contre le harc&egrave;lement sexuel. <\/em><a href=\"https:\/\/fondationdesfemmes.org\/sengager\/se-former-contre-le-harcelement\/\" target=\"_blank\" rel=\"noreferrer noopener\">https:\/\/fondationdesfemmes.org\/sengager\/se-former-contre-le-harcelement\/<\/a><\/p>\n\n\n\n<p>For Women in Science (2025). <em>France &ndash; Appel &agrave; candidature 2025.<\/em> <a href=\"https:\/\/www.forwomeninscience.com\/challenge\/show\/121\" target=\"_blank\" rel=\"noreferrer noopener\">https:\/\/www.forwomeninscience.com\/challenge\/show\/121<\/a><\/p>\n\n\n\n<p>Influencia (2025, 26 mars). <em>Harc&egrave;lement de rue : L&rsquo;Or&eacute;al Paris et Le Gorafi brisent le silence avec humour et engagement.<\/em> <a href=\"https:\/\/www.influencia.net\/harcelement-de-rue-loreal-paris-et-le-gorafi-brisent-le-silence-avec-humour-et-engagement\" target=\"_blank\" rel=\"noreferrer noopener\">https:\/\/www.influencia.net\/harcelement-de-rue-loreal-paris-et-le-gorafi-brisent-le-silence-avec-humour-et-engagement<\/a><\/p>\n\n\n\n<p>La R&eacute;clame (2019, 09 avril). <em>L&rsquo;Or&eacute;al d&eacute;monte les clich&eacute;s dans cette publicit&eacute; pens&eacute;e pour les hommes<\/em>. <a href=\"https:\/\/lareclame.fr\/mccannworldwide-loreal-thisisanadformen-217618\" target=\"_blank\" rel=\"noreferrer noopener\">https:\/\/lareclame.fr\/mccannworldwide-loreal-thisisanadformen-217618<\/a><\/p>\n\n\n\n<p>L&rsquo;OR&Eacute;AL Groupe (nc). <em>Le Fonds L&rsquo;Or&eacute;al pour les Femmes.<\/em> <a href=\"https:\/\/www.loreal.com\/fr\/news\/commitments\/loreal-fund-for-women\" target=\"_blank\" rel=\"noreferrer noopener\">https:\/\/www.loreal.com\/fr\/news\/commitments\/loreal-fund-for-women<\/a><\/p>\n\n\n\n<p>L&rsquo;OR&Eacute;AL Groupe (nc). <em>Renforcer notre engagement pour un marketing et une publicit&eacute; plus inclusifs avec Unstereotype Alliance.<\/em> <a href=\"https:\/\/www.loreal.com\/fr\/news\/commitments\/loreal-joins-unstereotype-alliance\/\" target=\"_blank\" rel=\"noreferrer noopener\">https:\/\/www.loreal.com\/fr\/news\/commitments\/loreal-joins-unstereotype-alliance\/<\/a><\/p>\n\n\n\n<p>Marie France (2025, 08 mars). <em>L&rsquo;Or&eacute;al : voici le message cach&eacute; du slogan l&eacute;gendaire de la marque beaut&eacute;, &laquo;&nbsp;Parce que je le vaux bien&nbsp;&raquo;<\/em>. <a href=\"https:\/\/www.mariefrance.fr\/beaute\/loreal-message-cache-slogan-legendaire-marque-beaute-parce-que-je-le-vaux-bien-1138568.html\" target=\"_blank\" rel=\"noreferrer noopener\">https:\/\/www.mariefrance.fr\/beaute\/loreal-message-cache-slogan-legendaire-marque-beaute-parce-que-je-le-vaux-bien-1138568.html<\/a><\/p>\n\n\n\n<p>ONU Femmes (2025). <em>Le point sur les droits des femmes 30 ans apr&egrave;s Beijing.<\/em> <a href=\"https:\/\/www.unwomen.org\/sites\/default\/files\/2025-04\/womens-rights-in-review-30-years-after-beijing-fr.pdf\" target=\"_blank\" rel=\"noreferrer noopener\">https:\/\/www.unwomen.org\/sites\/default\/files\/2025-04\/womens-rights-in-review-30-years-after-beijing-fr.pdf<\/a><\/p>\n\n\n\n<p>Stand Up (2020). <em>Stop au harc&egrave;lement de rue<\/em>.. <a href=\"https:\/\/www.standup-international.com\/fr\/fr\/\" target=\"_blank\" rel=\"noreferrer noopener\">https:\/\/www.standup-international.com\/fr\/fr\/<\/a><\/p>\n\n\n\n<p>UNESCO (1998).<em> Programme L&rsquo;Or&eacute;al-UNESCO Pour les Femmes et la Science. <\/em><a href=\"https:\/\/www.unesco.org\/fr\/prizes\/women-science\" target=\"_blank\" rel=\"noreferrer noopener\">https:\/\/www.unesco.org\/fr\/prizes\/women-science<\/a><\/p>\n\n\n\n<p>Union des marques (2023, 19 juin). <em>Business Case &laquo; Stand-up &raquo; la campagne l&rsquo;Or&eacute;al laur&eacute;ate du Challenge REPRESENTe 2023<\/em>. <a href=\"https:\/\/uniondesmarques.fr\/nos-services\/actualit%C3%A9s\/article\/2023\/06\/19\/Business-Case--Stand-up--la-campagne-lOr%C3%A9al-laur%C3%A9ate-du-Challenge-REPRESENTe-2023\" target=\"_blank\" rel=\"noreferrer noopener\">https:\/\/uniondesmarques.fr\/nos-services\/actualit%C3%A9s\/article\/2023\/06\/19\/Business-Case&ndash;Stand-up&ndash;la-campagne-lOr%C3%A9al-laur%C3%A9ate-du-Challenge-REPRESENTe-2023<\/a><\/p>\n\n\n\n<p><\/p>\n","protected":false},"excerpt":{"rendered":"<p>Quand le leader mondial de l&rsquo;industrie cosm&eacute;tique devient un soutien de poids pour les femmes Par ses nombreuses actions, L&rsquo;Or&eacute;al &oelig;uvre activement pour l&rsquo;&eacute;mancipation des femmes: que ce soit en focalisant son approche marketing, en combattant le harc&egrave;lement, en s&rsquo;engageant aupr&egrave;s des femmes scientifiques, ou encore en agissant contre les violences faites au femmes partout [&hellip;]<\/p>\n","protected":false},"author":4,"featured_media":0,"comment_status":"open","ping_status":"open","sticky":false,"template":"","format":"standard","meta":{"_et_pb_use_builder":"off","_et_pb_old_content":"<!-- wp:heading -->\n<h2 class=\"wp-block-heading\">Quand le leader mondial de l\u2019industrie cosm\u00e9tique devient un soutien de poids pour les femmes<\/h2>\n<!-- \/wp:heading -->\n\n<!-- wp:image {\"id\":1954,\"sizeSlug\":\"large\",\"linkDestination\":\"none\"} -->\n<figure class=\"wp-block-image size-large\"><img src=\"https:\/\/www.coachwp.fr\/l-oreal\/wp-content\/uploads\/2025\/05\/LOreal-50-ans-dengagement-aux-cotes-des-femmes-1024x333.png\" alt=\"(c) L'Or\u00e9al -https:\/\/www.loreal.com\/fr\/articles\/brands\/loreal-paris-celebrating-womens-worth\/\" class=\"wp-image-1954\"\/><figcaption class=\"wp-element-caption\">L'Ore\u0301al 50 ans d'engagement aux co\u0302te\u0301s des femmes<\/figcaption><\/figure>\n<!-- \/wp:image -->\n\n<!-- wp:paragraph -->\n<p>Par ses nombreuses actions, L\u2019Or\u00e9al \u0153uvre activement pour l\u2019\u00e9mancipation des femmes: que ce soit en focalisant son approche marketing, en combattant le harc\u00e8lement, en s\u2019engageant aupr\u00e8s des femmes scientifiques, ou encore en agissant contre les violences faites au femmes partout dans le monde.<\/p>\n<!-- \/wp:paragraph -->\n\n<!-- wp:paragraph -->\n<p><\/p>\n<!-- \/wp:paragraph -->\n\n<!-- wp:heading -->\n<h2 class=\"wp-block-heading\"><strong>L\u2019\u00e9mancipation des femmes, plus qu'une question d'image<\/strong><\/h2>\n<!-- \/wp:heading -->\n\n<!-- wp:paragraph -->\n<p>Marque de cosm\u00e9tique la plus r\u00e9pandue dans le monde, depuis 50 ans L'Or\u00e9al est ind\u00e9niablement associ\u00e9 \u00e0 la f\u00e9minit\u00e9. Avec son slogan \"Parce que je le vaux bien\", cr\u00e9\u00e9 par <a href=\"https:\/\/www.coachwp.fr\/l-oreal\/historique\/#slogan\">Ilon Specht<\/a>, la marque se veut porteuse d'un message puissant \u00e0 l'encontre des femmes. Un symbole de confiance en soi et de r\u00e9silience. Pourtant on peut se demander comment une marque centr\u00e9e sur la beaut\u00e9 f\u00e9minine soutient-elle r\u00e9ellement l'\u00e9mancipation des femmes?\u00a0D'un point de vue marketing, L'Or\u00e9al a rejoint depuis 2014 l'<em>Unstereotype Alliance<\/em>. Ce programme, organis\u00e9 par l'ONU Femmes, a pour objectif d'\u00e9radiquer les st\u00e9r\u00e9otypes dans la publicit\u00e9 et les m\u00e9dias. S'il est reproch\u00e9 \u00e0 la marque de s'appuyer encore sur l'image des femmes pour vendre ses produits, l'entreprise utilise \u00e9galement les m\u00e9dias pour lutter contre les in\u00e9galit\u00e9s. En 2019, par exemple, elle lance une campagne pour d\u00e9noncer le <a href=\"https:\/\/lareclame.fr\/mccannworldwide-loreal-thisisanadformen-217618\">manque de femmes aux <\/a><a href=\"https:\/\/lareclame.fr\/mccannworldwide-loreal-thisisanadformen-217618\" target=\"_blank\" rel=\"noreferrer noopener\">postes<\/a><a href=\"https:\/\/lareclame.fr\/mccannworldwide-loreal-thisisanadformen-217618\"> dirigeants<\/a>.<\/p>\n<!-- \/wp:paragraph -->\n\n<!-- wp:paragraph -->\n<p><\/p>\n<!-- \/wp:paragraph -->\n\n<!-- wp:heading -->\n<h2 class=\"wp-block-heading\"><strong><strong>Un programme d\u2019ampleur pour combattre le harc\u00e8lement<\/strong><\/strong><\/h2>\n<!-- \/wp:heading -->\n\n<!-- wp:paragraph -->\n<p>L'Or\u00e9al utilise \u00e9galement les m\u00e9dias pour combattre activement le harc\u00e8lement de rue. En 2020, en partenariat avec <em>Right to Be<\/em> et la Fondation des Femmes, le groupe lance le programme international \u00ab<a href=\"https:\/\/www.standup-international.com\/fr\/fr\/\"> <\/a><em><a href=\"https:\/\/www.standup-international.com\/fr\/fr\/\" target=\"_blank\" rel=\"noreferrer noopener\">Stand Up <\/a><\/em>\u00bb. Cette initiative propose des formations pour apprendre \u00e0 mieux appr\u00e9hender les situations de harc\u00e8lement. \u00c0 l'\u00e9chelle fran\u00e7aise, le g\u00e9ant s'associe avec la <a href=\"https:\/\/fondationdesfemmes.org\/sengager\/se-former-contre-le-harcelement\/\">Fondation d<\/a><a href=\"https:\/\/fondationdesfemmes.org\/sengager\/se-former-contre-le-harcelement\/\" target=\"_blank\" rel=\"noreferrer noopener\">es Femme<\/a><a href=\"https:\/\/fondationdesfemmes.org\/sengager\/se-former-contre-le-harcelement\/\">s.<\/a> Ensemble, ils m\u00e8nent des campagnes de sensibilisation dans les universit\u00e9s, sur les r\u00e9seaux sociaux et la t\u00e9l\u00e9vision. Des c\u00e9l\u00e9brit\u00e9s comme la chanteuse Yseult ou l'animatrice Karine Lemarchand amplifient le message en relayant des vid\u00e9os mettant en sc\u00e8ne des situations de harc\u00e8lement.\u00a0\u00a0En 2025, le groupe intensifie son action avec une campagne d\u2019affichage percutante dans les rues et m\u00e9tros fran\u00e7ais, rappelant que les victimes ne sont jamais responsables. L\u2019objectif : sensibiliser, prot\u00e9ger les femmes et encourager une mobilisation collective pour mettre fin au harc\u00e8lement de rue.<\/p>\n<!-- \/wp:paragraph -->\n\n<!-- wp:paragraph -->\n<p><\/p>\n<!-- \/wp:paragraph -->\n\n<!-- wp:heading -->\n<h2 class=\"wp-block-heading\"><strong>Avec l\u2019Unesco, un engagement aupr\u00e8s des femmes scientifiques&nbsp;<\/strong><\/h2>\n<!-- \/wp:heading -->\n\n<!-- wp:paragraph -->\n<p>L'engagement pour l'\u00e9mancipation des femmes de L'Or\u00e9al ne se limite pas aux m\u00e9dias. Depuis 1998, l\u2019Unesco et L'Or\u00e9al se sont associ\u00e9s pour cr\u00e9er le prix international UNESCO-L'Or\u00e9al <em><a href=\"https:\/\/www.fondationloreal.com\/fr\/nos-programmes-pour-les-femmes-et-la-science\/prix-international-loreal-unesco\" target=\"_blank\" rel=\"noreferrer noopener\">Pour les Femmes et la Science<\/a><\/em>. Ce prix r\u00e9compense chaque ann\u00e9e des chercheuses pour l'excellence de leurs travaux et leur impact dans les domaines des sciences. V\u00e9ritable acc\u00e9l\u00e9rateur de carri\u00e8re, chaque laur\u00e9ate re\u00e7oit une dotation de 100 000 euros pour la poursuite de ses recherches, une formation en leadership et de nombreuses opportunit\u00e9s \u00e0 l'international. Depuis sa cr\u00e9ation, 137 laur\u00e9ates ont \u00e9t\u00e9 r\u00e9compens\u00e9es. Certaines sont m\u00eame devenues laur\u00e9ates du prix Nobel, comme <a href=\"https:\/\/www.google.com\/search?gs_ssp=eJzj4tbP1TcwNEjPNkkpM2D04k_My0tVyFHPKM3MyclMLQIAhzsJjw&amp;q=anne+l%27huillier&amp;oq=Anne+l%27h&amp;gs_lcrp=EgZjaHJvbWUqBwgBEC4YgAQyCggAEAAY4wIYgAQyBwgBEC4YgAQyBggCEEUYOTIHCAMQABiABDIHCAQQABiABDINCAUQLhivARjHARiABDIHCAYQABiABDIHCAcQABiABDIHCAgQABiABDIHCAkQABiABNIBCTU3NDVqMGoxNagCCLACAfEFA9lQtNtVeFo&amp;sourceid=chrome&amp;ie=UTF-8\" target=\"_blank\" rel=\"noreferrer noopener\">Anne L'Huillier <\/a>en 2023. Depuis 2007, avec le prix Jeunes Talents, le programme r\u00e9compense \u00e9galement les doctorantes et post-doctorantes pour l'excellence de leurs travaux. En luttant contre les discriminations que les chercheuses peuvent rencontre, ce programme repr\u00e9sente un levier pour l'\u00e9mancipation des femmes scientifiques et la reconnaissance de leur travail.<\/p>\n<!-- \/wp:paragraph -->\n\n<!-- wp:heading -->\n<h2 class=\"wp-block-heading\"><br><strong><strong>Agir pour offrir plus de s\u00e9curit\u00e9 aux femmes dans le monde<\/strong><\/strong><\/h2>\n<!-- \/wp:heading -->\n\n<!-- wp:paragraph -->\n<p>Le chemin vers l\u2019\u00e9galit\u00e9 est encore long car de nombreux d\u00e9fis persistent. En 2024, <a href=\"https:\/\/www.unwomen.org\/sites\/default\/files\/2025-04\/womens-rights-in-review-30-years-after-beijing-fr.pdf\" target=\"_blank\" rel=\"noreferrer noopener\">ONU Fem<\/a><a href=\"https:\/\/www.unwomen.org\/sites\/default\/files\/2025-04\/womens-rights-in-review-30-years-after-beijing-fr.pdf\">mes<\/a> r\u00e9v\u00e8le que le nombre de femmes vivant dans l\u2019extr\u00eame pauvret\u00e9 est sup\u00e9rieur de 24,3 millions \u00e0 celui des hommes. Une femme sur trois est victime de violences physique et\/ou sexuelles au cours de sa vie. Elles sont \u00e9galement davantage cibl\u00e9es dans les zones de conflits. En r\u00e9action, L'Or\u00e9al a mis en place, en 2020, le programme le \u00ab\u00a0<a href=\"https:\/\/www.loreal.com\/fr\/news\/commitments\/loreal-fund-for-women\/\">F<\/a><a href=\"https:\/\/www.loreal.com\/fr\/news\/commitments\/loreal-fund-for-women\/\" target=\"_blank\" rel=\"noreferrer noopener\">onds\u00a0L\u2019Or\u00e9al pour les Femmes\u00a0<\/a>\u00bb. L'objectif est de lutter contre les discriminations dont les femmes sont victimes partout dans le monde. L\u2019aide du g\u00e9ant fran\u00e7ais se manifeste \u00e0 travers l\u2019\u00e9ducation, la formation et l\u2019acc\u00e8s \u00e0 des fonds de soutien \u00e0 l\u2019entrepreneuriat. Par ses actions concr\u00e8tes, L'Or\u00e9al se positionne comme un acteur majeur pour le progr\u00e8s social envers les femmes.\u00a0<\/p>\n<!-- \/wp:paragraph -->\n\n<!-- wp:paragraph -->\n<p><\/p>\n<!-- \/wp:paragraph -->\n\n<!-- wp:paragraph -->\n<p><\/p>\n<!-- \/wp:paragraph -->\n\n<!-- wp:paragraph -->\n<p><\/p>\n<!-- \/wp:paragraph -->\n\n<!-- wp:paragraph -->\n<p><\/p>\n<!-- \/wp:paragraph -->\n\n<!-- wp:separator -->\n<hr class=\"wp-block-separator has-alpha-channel-opacity\"\/>\n<!-- \/wp:separator -->\n\n<!-- wp:heading -->\n<h2 class=\"wp-block-heading\"><strong>Sources:<\/strong><\/h2>\n<!-- \/wp:heading -->\n\n<!-- wp:paragraph -->\n<p>Marie France (2025, 08 mars). <em>L'Or\u00e9al : voici le message cach\u00e9 du slogan l\u00e9gendaire de la marque beaut\u00e9, \"Parce que je le vaux bien\"<\/em>. <a href=\"https:\/\/www.mariefrance.fr\/beaute\/loreal-message-cache-slogan-legendaire-marque-beaute-parce-que-je-le-vaux-bien-1138568.html\" target=\"_blank\" rel=\"noreferrer noopener\">https:\/\/www.mariefrance.fr\/beaute\/loreal-message-cache-slogan-legendaire-marque-beaute-parce-que-je-le-vaux-bien-1138568.html<\/a><\/p>\n<!-- \/wp:paragraph -->\n\n<!-- wp:paragraph -->\n<p>L'OR\u00c9AL Groupe (nc). <em>Renforcer notre engagement pour un marketing et une publicit\u00e9 plus inclusifs avec Unstereotype Alliance.<\/em> <a href=\"https:\/\/www.loreal.com\/fr\/news\/commitments\/loreal-joins-unstereotype-alliance\/\" target=\"_blank\" rel=\"noreferrer noopener\">https:\/\/www.loreal.com\/fr\/news\/commitments\/loreal-joins-unstereotype-alliance\/<\/a> <\/p>\n<!-- \/wp:paragraph -->\n\n<!-- wp:paragraph -->\n<p>BRANEA SIlvia (2024, ao\u00fbt). <em>Gender Stereotypes in Digital Advertising Case study: L'Or\u00e9al<\/em>. <a href=\"https:\/\/www.researchgate.net\/publication\/382961175_Gender_Stereotypes_in_Digital_Advertising_Case_study_L'Oreal\" target=\"_blank\" rel=\"noreferrer noopener\">https:\/\/www.researchgate.net\/publication\/382961175_Gender_Stereotypes_in_Digital_Advertising_Case_study_L'Oreal<\/a><\/p>\n<!-- \/wp:paragraph -->\n\n<!-- wp:paragraph -->\n<p>La R\u00e9clame (2019, 09 avril). <em>L\u2019Or\u00e9al d\u00e9monte les clich\u00e9s dans cette publicit\u00e9 pens\u00e9e pour les hommes<\/em>. <a href=\"https:\/\/lareclame.fr\/mccannworldwide-loreal-thisisanadformen-217618\" target=\"_blank\" rel=\"noreferrer noopener\">https:\/\/lareclame.fr\/mccannworldwide-loreal-thisisanadformen-217618<\/a><\/p>\n<!-- \/wp:paragraph -->\n\n<!-- wp:paragraph -->\n<p>Union des marques (2023, 19 juin). <em>Business Case \u00ab Stand-up \u00bb la campagne l'Or\u00e9al laur\u00e9ate du Challenge REPRESENTe 2023<\/em>. <a href=\"https:\/\/uniondesmarques.fr\/nos-services\/actualit%C3%A9s\/article\/2023\/06\/19\/Business-Case--Stand-up--la-campagne-lOr%C3%A9al-laur%C3%A9ate-du-Challenge-REPRESENTe-2023\" target=\"_blank\" rel=\"noreferrer noopener\">https:\/\/uniondesmarques.fr\/nos-services\/actualit%C3%A9s\/article\/2023\/06\/19\/Business-Case--Stand-up--la-campagne-lOr%C3%A9al-laur%C3%A9ate-du-Challenge-REPRESENTe-2023<\/a><\/p>\n<!-- \/wp:paragraph -->\n\n<!-- wp:paragraph -->\n<p>Stand Up (2020). <em>Stop au harc\u00e8lement de rue<\/em>.. <a href=\"https:\/\/www.standup-international.com\/fr\/fr\/\" target=\"_blank\" rel=\"noreferrer noopener\">https:\/\/www.standup-international.com\/fr\/fr\/<\/a><\/p>\n<!-- \/wp:paragraph -->\n\n<!-- wp:paragraph -->\n<p>Fondation des femmes (2021, 06 mai). <em>Se former contre le harc\u00e8lement sexuel. <\/em><a href=\"https:\/\/fondationdesfemmes.org\/sengager\/se-former-contre-le-harcelement\/\" target=\"_blank\" rel=\"noreferrer noopener\">https:\/\/fondationdesfemmes.org\/sengager\/se-former-contre-le-harcelement\/<\/a><\/p>\n<!-- \/wp:paragraph -->\n\n<!-- wp:paragraph -->\n<p>Influencia (2025, 26 mars). <em>Harc\u00e8lement de rue : L\u2019Or\u00e9al Paris et Le Gorafi brisent le silence avec humour et engagement.<\/em> <a href=\"https:\/\/www.influencia.net\/harcelement-de-rue-loreal-paris-et-le-gorafi-brisent-le-silence-avec-humour-et-engagement\" target=\"_blank\" rel=\"noreferrer noopener\">https:\/\/www.influencia.net\/harcelement-de-rue-loreal-paris-et-le-gorafi-brisent-le-silence-avec-humour-et-engagement<\/a><\/p>\n<!-- \/wp:paragraph -->\n\n<!-- wp:paragraph -->\n<p>UNESCO (1998).<em> Programme L'Or\u00e9al-UNESCO Pour les Femmes et la Science. <\/em><a href=\"https:\/\/www.unesco.org\/fr\/prizes\/women-science\" target=\"_blank\" rel=\"noreferrer noopener\">https:\/\/www.unesco.org\/fr\/prizes\/women-science<\/a><\/p>\n<!-- \/wp:paragraph -->\n\n<!-- wp:paragraph -->\n<p>Fondation L'Or\u00e9al (2024).<em> Prix International L\u2019Or\u00e9al-UNESCO.<\/em> <a href=\"https:\/\/www.fondationloreal.com\/fr\/nos-programmes-pour-les-femmes-et-la-science\/prix-international-loreal-unesco\" target=\"_blank\" rel=\"noreferrer noopener\">https:\/\/www.fondationloreal.com\/fr\/nos-programmes-pour-les-femmes-et-la-science\/prix-international-loreal-unesco<\/a><\/p>\n<!-- \/wp:paragraph -->\n\n<!-- wp:paragraph -->\n<p>For Women in Science (2025). <em>France - Appel \u00e0 candidature 2025.<\/em> <a href=\"https:\/\/www.forwomeninscience.com\/challenge\/show\/121\" target=\"_blank\" rel=\"noreferrer noopener\">https:\/\/www.forwomeninscience.com\/challenge\/show\/121<\/a><\/p>\n<!-- \/wp:paragraph -->\n\n<!-- wp:paragraph -->\n<p>L'OR\u00c9AL Groupe (nc). <em>Le Fonds L'Or\u00e9al pour les Femmes.<\/em> <a href=\"https:\/\/www.loreal.com\/fr\/news\/commitments\/loreal-fund-for-women\" target=\"_blank\" rel=\"noreferrer noopener\">https:\/\/www.loreal.com\/fr\/news\/commitments\/loreal-fund-for-women<\/a><\/p>\n<!-- \/wp:paragraph -->\n\n<!-- wp:paragraph -->\n<p>ONU Femmes (2025). <em>Le point sur les droits des femmes 30 ans apr\u00e8s Beijing.<\/em> <a href=\"https:\/\/www.unwomen.org\/sites\/default\/files\/2025-04\/womens-rights-in-review-30-years-after-beijing-fr.pdf\" target=\"_blank\" rel=\"noreferrer noopener\">https:\/\/www.unwomen.org\/sites\/default\/files\/2025-04\/womens-rights-in-review-30-years-after-beijing-fr.pdf<\/a><\/p>\n<!-- \/wp:paragraph -->","_et_gb_content_width":"","footnotes":""},"categories":[11],"tags":[],"class_list":["post-314","post","type-post","status-publish","format-standard","hentry","category-emancipation-des-femmes"],"yoast_head":"<!-- This site is optimized with the Yoast SEO plugin v24.9 - https:\/\/yoast.com\/wordpress\/plugins\/seo\/ -->\n<title>\u00c9MANCIPATION DES FEMMES: L\u2019OR\u00c9AL S\u2019ENGAGE ET AGIT - L&#039;Or\u00e9al<\/title>\n<meta name=\"description\" content=\"Par ses nombreuses actions, L\u2019Or\u00e9al oeuvre activement pour l\u2019\u00e9mancipation des femmes, en les soutenant personnellement et professionnellement\" \/>\n<meta name=\"robots\" content=\"noindex, follow, max-snippet:-1, max-image-preview:large, max-video-preview:-1\" \/>\n<meta property=\"og:locale\" content=\"fr_FR\" \/>\n<meta property=\"og:type\" content=\"article\" \/>\n<meta property=\"og:title\" content=\"\u00c9MANCIPATION DES FEMMES: L\u2019OR\u00c9AL S\u2019ENGAGE ET AGIT - L&#039;Or\u00e9al\" \/>\n<meta property=\"og:description\" content=\"Par ses nombreuses actions, L\u2019Or\u00e9al oeuvre activement pour l\u2019\u00e9mancipation des femmes, en les soutenant personnellement et professionnellement\" \/>\n<meta property=\"og:url\" content=\"https:\/\/www.coachwp.fr\/l-oreal\/2025\/05\/12\/emancipation-des-femmes-l-oreal-s-engage\/\" \/>\n<meta property=\"og:site_name\" content=\"L&#039;Or\u00e9al\" \/>\n<meta property=\"article:published_time\" content=\"2025-05-12T09:27:54+00:00\" \/>\n<meta property=\"article:modified_time\" content=\"2025-05-31T12:28:29+00:00\" \/>\n<meta property=\"og:image\" content=\"https:\/\/www.coachwp.fr\/l-oreal\/wp-content\/uploads\/2025\/05\/LOreal-50-ans-dengagement-aux-cotes-des-femmes.webp\" \/>\n\t<meta property=\"og:image:width\" content=\"1310\" \/>\n\t<meta property=\"og:image:height\" content=\"430\" \/>\n\t<meta property=\"og:image:type\" content=\"image\/webp\" \/>\n<meta name=\"author\" content=\"Ulrica Mons\" \/>\n<meta name=\"twitter:card\" content=\"summary_large_image\" \/>\n<meta name=\"twitter:label1\" content=\"\u00c9crit par\" \/>\n\t<meta name=\"twitter:data1\" content=\"Ulrica Mons\" \/>\n\t<meta name=\"twitter:label2\" content=\"Dur\u00e9e de lecture estim\u00e9e\" \/>\n\t<meta name=\"twitter:data2\" content=\"5 minutes\" \/>\n<script type=\"application\/ld+json\" class=\"yoast-schema-graph\">{\"@context\":\"https:\/\/schema.org\",\"@graph\":[{\"@type\":\"WebPage\",\"@id\":\"https:\/\/www.coachwp.fr\/l-oreal\/2025\/05\/12\/emancipation-des-femmes-l-oreal-s-engage\/\",\"url\":\"https:\/\/www.coachwp.fr\/l-oreal\/2025\/05\/12\/emancipation-des-femmes-l-oreal-s-engage\/\",\"name\":\"\u00c9MANCIPATION DES FEMMES: L\u2019OR\u00c9AL S\u2019ENGAGE ET AGIT - L'Or\u00e9al\",\"isPartOf\":{\"@id\":\"https:\/\/www.coachwp.fr\/l-oreal\/#website\"},\"primaryImageOfPage\":{\"@id\":\"https:\/\/www.coachwp.fr\/l-oreal\/2025\/05\/12\/emancipation-des-femmes-l-oreal-s-engage\/#primaryimage\"},\"image\":{\"@id\":\"https:\/\/www.coachwp.fr\/l-oreal\/2025\/05\/12\/emancipation-des-femmes-l-oreal-s-engage\/#primaryimage\"},\"thumbnailUrl\":\"https:\/\/www.coachwp.fr\/l-oreal\/wp-content\/uploads\/2025\/05\/LOreal-50-ans-dengagement-aux-cotes-des-femmes-1024x336.webp\",\"datePublished\":\"2025-05-12T09:27:54+00:00\",\"dateModified\":\"2025-05-31T12:28:29+00:00\",\"author\":{\"@id\":\"https:\/\/www.coachwp.fr\/l-oreal\/#\/schema\/person\/bb57d018faa4ef872642da3e40ef3a81\"},\"description\":\"Par ses nombreuses actions, L\u2019Or\u00e9al oeuvre activement pour l\u2019\u00e9mancipation des femmes, en les soutenant personnellement et professionnellement\",\"breadcrumb\":{\"@id\":\"https:\/\/www.coachwp.fr\/l-oreal\/2025\/05\/12\/emancipation-des-femmes-l-oreal-s-engage\/#breadcrumb\"},\"inLanguage\":\"fr-FR\",\"potentialAction\":[{\"@type\":\"ReadAction\",\"target\":[\"https:\/\/www.coachwp.fr\/l-oreal\/2025\/05\/12\/emancipation-des-femmes-l-oreal-s-engage\/\"]}]},{\"@type\":\"ImageObject\",\"inLanguage\":\"fr-FR\",\"@id\":\"https:\/\/www.coachwp.fr\/l-oreal\/2025\/05\/12\/emancipation-des-femmes-l-oreal-s-engage\/#primaryimage\",\"url\":\"https:\/\/www.coachwp.fr\/l-oreal\/wp-content\/uploads\/2025\/05\/LOreal-50-ans-dengagement-aux-cotes-des-femmes.webp\",\"contentUrl\":\"https:\/\/www.coachwp.fr\/l-oreal\/wp-content\/uploads\/2025\/05\/LOreal-50-ans-dengagement-aux-cotes-des-femmes.webp\",\"width\":1310,\"height\":430,\"caption\":\"L'Ore\u0301al 50 ans d'engagement aux co\u0302te\u0301s des femmes\"},{\"@type\":\"BreadcrumbList\",\"@id\":\"https:\/\/www.coachwp.fr\/l-oreal\/2025\/05\/12\/emancipation-des-femmes-l-oreal-s-engage\/#breadcrumb\",\"itemListElement\":[{\"@type\":\"ListItem\",\"position\":1,\"name\":\"Accueil\",\"item\":\"https:\/\/www.coachwp.fr\/l-oreal\/\"},{\"@type\":\"ListItem\",\"position\":2,\"name\":\"\u00c9MANCIPATION DES FEMMES: L\u2019OR\u00c9AL S\u2019ENGAGE ET AGIT\"}]},{\"@type\":\"WebSite\",\"@id\":\"https:\/\/www.coachwp.fr\/l-oreal\/#website\",\"url\":\"https:\/\/www.coachwp.fr\/l-oreal\/\",\"name\":\"L'Or\u00e9al\",\"description\":\"DDSE\",\"potentialAction\":[{\"@type\":\"SearchAction\",\"target\":{\"@type\":\"EntryPoint\",\"urlTemplate\":\"https:\/\/www.coachwp.fr\/l-oreal\/?s={search_term_string}\"},\"query-input\":{\"@type\":\"PropertyValueSpecification\",\"valueRequired\":true,\"valueName\":\"search_term_string\"}}],\"inLanguage\":\"fr-FR\"},{\"@type\":\"Person\",\"@id\":\"https:\/\/www.coachwp.fr\/l-oreal\/#\/schema\/person\/bb57d018faa4ef872642da3e40ef3a81\",\"name\":\"Ulrica Mons\",\"image\":{\"@type\":\"ImageObject\",\"inLanguage\":\"fr-FR\",\"@id\":\"https:\/\/www.coachwp.fr\/l-oreal\/#\/schema\/person\/image\/\",\"url\":\"https:\/\/secure.gravatar.com\/avatar\/253a211568e6b2fdf6e32e4d925ef19501d9c70f8684235432532f5a61baa84e?s=96&d=mm&r=g\",\"contentUrl\":\"https:\/\/secure.gravatar.com\/avatar\/253a211568e6b2fdf6e32e4d925ef19501d9c70f8684235432532f5a61baa84e?s=96&d=mm&r=g\",\"caption\":\"Ulrica Mons\"},\"url\":\"https:\/\/www.coachwp.fr\/l-oreal\/author\/ulrica-monsgmail-com\/\"}]}<\/script>\n<!-- \/ Yoast SEO plugin. -->","yoast_head_json":{"title":"\u00c9MANCIPATION DES FEMMES: L\u2019OR\u00c9AL S\u2019ENGAGE ET AGIT - L'Or\u00e9al","description":"Par ses nombreuses actions, L\u2019Or\u00e9al oeuvre activement pour l\u2019\u00e9mancipation des femmes, en les soutenant personnellement et professionnellement","robots":{"index":"noindex","follow":"follow","max-snippet":"max-snippet:-1","max-image-preview":"max-image-preview:large","max-video-preview":"max-video-preview:-1"},"og_locale":"fr_FR","og_type":"article","og_title":"\u00c9MANCIPATION DES FEMMES: L\u2019OR\u00c9AL S\u2019ENGAGE ET AGIT - L'Or\u00e9al","og_description":"Par ses nombreuses actions, L\u2019Or\u00e9al oeuvre activement pour l\u2019\u00e9mancipation des femmes, en les soutenant personnellement et professionnellement","og_url":"https:\/\/www.coachwp.fr\/l-oreal\/2025\/05\/12\/emancipation-des-femmes-l-oreal-s-engage\/","og_site_name":"L'Or\u00e9al","article_published_time":"2025-05-12T09:27:54+00:00","article_modified_time":"2025-05-31T12:28:29+00:00","og_image":[{"width":1310,"height":430,"url":"https:\/\/www.coachwp.fr\/l-oreal\/wp-content\/uploads\/2025\/05\/LOreal-50-ans-dengagement-aux-cotes-des-femmes.webp","type":"image\/webp"}],"author":"Ulrica Mons","twitter_card":"summary_large_image","twitter_misc":{"\u00c9crit par":"Ulrica Mons","Dur\u00e9e de lecture estim\u00e9e":"5 minutes"},"schema":{"@context":"https:\/\/schema.org","@graph":[{"@type":"WebPage","@id":"https:\/\/www.coachwp.fr\/l-oreal\/2025\/05\/12\/emancipation-des-femmes-l-oreal-s-engage\/","url":"https:\/\/www.coachwp.fr\/l-oreal\/2025\/05\/12\/emancipation-des-femmes-l-oreal-s-engage\/","name":"\u00c9MANCIPATION DES FEMMES: L\u2019OR\u00c9AL S\u2019ENGAGE ET AGIT - L'Or\u00e9al","isPartOf":{"@id":"https:\/\/www.coachwp.fr\/l-oreal\/#website"},"primaryImageOfPage":{"@id":"https:\/\/www.coachwp.fr\/l-oreal\/2025\/05\/12\/emancipation-des-femmes-l-oreal-s-engage\/#primaryimage"},"image":{"@id":"https:\/\/www.coachwp.fr\/l-oreal\/2025\/05\/12\/emancipation-des-femmes-l-oreal-s-engage\/#primaryimage"},"thumbnailUrl":"https:\/\/www.coachwp.fr\/l-oreal\/wp-content\/uploads\/2025\/05\/LOreal-50-ans-dengagement-aux-cotes-des-femmes-1024x336.webp","datePublished":"2025-05-12T09:27:54+00:00","dateModified":"2025-05-31T12:28:29+00:00","author":{"@id":"https:\/\/www.coachwp.fr\/l-oreal\/#\/schema\/person\/bb57d018faa4ef872642da3e40ef3a81"},"description":"Par ses nombreuses actions, L\u2019Or\u00e9al oeuvre activement pour l\u2019\u00e9mancipation des femmes, en les soutenant personnellement et professionnellement","breadcrumb":{"@id":"https:\/\/www.coachwp.fr\/l-oreal\/2025\/05\/12\/emancipation-des-femmes-l-oreal-s-engage\/#breadcrumb"},"inLanguage":"fr-FR","potentialAction":[{"@type":"ReadAction","target":["https:\/\/www.coachwp.fr\/l-oreal\/2025\/05\/12\/emancipation-des-femmes-l-oreal-s-engage\/"]}]},{"@type":"ImageObject","inLanguage":"fr-FR","@id":"https:\/\/www.coachwp.fr\/l-oreal\/2025\/05\/12\/emancipation-des-femmes-l-oreal-s-engage\/#primaryimage","url":"https:\/\/www.coachwp.fr\/l-oreal\/wp-content\/uploads\/2025\/05\/LOreal-50-ans-dengagement-aux-cotes-des-femmes.webp","contentUrl":"https:\/\/www.coachwp.fr\/l-oreal\/wp-content\/uploads\/2025\/05\/LOreal-50-ans-dengagement-aux-cotes-des-femmes.webp","width":1310,"height":430,"caption":"L'Ore\u0301al 50 ans d'engagement aux co\u0302te\u0301s des femmes"},{"@type":"BreadcrumbList","@id":"https:\/\/www.coachwp.fr\/l-oreal\/2025\/05\/12\/emancipation-des-femmes-l-oreal-s-engage\/#breadcrumb","itemListElement":[{"@type":"ListItem","position":1,"name":"Accueil","item":"https:\/\/www.coachwp.fr\/l-oreal\/"},{"@type":"ListItem","position":2,"name":"\u00c9MANCIPATION DES FEMMES: L\u2019OR\u00c9AL S\u2019ENGAGE ET AGIT"}]},{"@type":"WebSite","@id":"https:\/\/www.coachwp.fr\/l-oreal\/#website","url":"https:\/\/www.coachwp.fr\/l-oreal\/","name":"L'Or\u00e9al","description":"DDSE","potentialAction":[{"@type":"SearchAction","target":{"@type":"EntryPoint","urlTemplate":"https:\/\/www.coachwp.fr\/l-oreal\/?s={search_term_string}"},"query-input":{"@type":"PropertyValueSpecification","valueRequired":true,"valueName":"search_term_string"}}],"inLanguage":"fr-FR"},{"@type":"Person","@id":"https:\/\/www.coachwp.fr\/l-oreal\/#\/schema\/person\/bb57d018faa4ef872642da3e40ef3a81","name":"Ulrica Mons","image":{"@type":"ImageObject","inLanguage":"fr-FR","@id":"https:\/\/www.coachwp.fr\/l-oreal\/#\/schema\/person\/image\/","url":"https:\/\/secure.gravatar.com\/avatar\/253a211568e6b2fdf6e32e4d925ef19501d9c70f8684235432532f5a61baa84e?s=96&d=mm&r=g","contentUrl":"https:\/\/secure.gravatar.com\/avatar\/253a211568e6b2fdf6e32e4d925ef19501d9c70f8684235432532f5a61baa84e?s=96&d=mm&r=g","caption":"Ulrica Mons"},"url":"https:\/\/www.coachwp.fr\/l-oreal\/author\/ulrica-monsgmail-com\/"}]}},"_links":{"self":[{"href":"https:\/\/www.coachwp.fr\/l-oreal\/wp-json\/wp\/v2\/posts\/314","targetHints":{"allow":["GET"]}}],"collection":[{"href":"https:\/\/www.coachwp.fr\/l-oreal\/wp-json\/wp\/v2\/posts"}],"about":[{"href":"https:\/\/www.coachwp.fr\/l-oreal\/wp-json\/wp\/v2\/types\/post"}],"author":[{"embeddable":true,"href":"https:\/\/www.coachwp.fr\/l-oreal\/wp-json\/wp\/v2\/users\/4"}],"replies":[{"embeddable":true,"href":"https:\/\/www.coachwp.fr\/l-oreal\/wp-json\/wp\/v2\/comments?post=314"}],"version-history":[{"count":56,"href":"https:\/\/www.coachwp.fr\/l-oreal\/wp-json\/wp\/v2\/posts\/314\/revisions"}],"predecessor-version":[{"id":4622,"href":"https:\/\/www.coachwp.fr\/l-oreal\/wp-json\/wp\/v2\/posts\/314\/revisions\/4622"}],"wp:attachment":[{"href":"https:\/\/www.coachwp.fr\/l-oreal\/wp-json\/wp\/v2\/media?parent=314"}],"wp:term":[{"taxonomy":"category","embeddable":true,"href":"https:\/\/www.coachwp.fr\/l-oreal\/wp-json\/wp\/v2\/categories?post=314"},{"taxonomy":"post_tag","embeddable":true,"href":"https:\/\/www.coachwp.fr\/l-oreal\/wp-json\/wp\/v2\/tags?post=314"}],"curies":[{"name":"wp","href":"https:\/\/api.w.org\/{rel}","templated":true}]}}